{"id":287804,"date":"2021-07-19T18:17:31","date_gmt":"2021-07-19T22:17:31","guid":{"rendered":"http:\/\/diariodominicano.com\/?p=287804"},"modified":"2021-07-19T18:17:31","modified_gmt":"2021-07-19T22:17:31","slug":"importante-asociacion-pediatrica-de-eeuu-recomienda-uso-universal-de-mascarilla-en-escuelas-para-todos-de-dos-anos-en-adelante","status":"publish","type":"post","link":"https:\/\/diariodominicano.com\/?p=287804","title":{"rendered":"Importante asociaci\u00f3n pedi\u00e1trica de EEUU recomienda uso universal de mascarilla en escuelas para todos de dos a\u00f1os en adelante"},"content":{"rendered":"\n<h3 class=\"wp-block-heading\">diariodominicano.com<a rel=\"noreferrer noopener\" href=\"http:\/\/home.xinhua-news.com\/gdsdetailxhs\/share\/9683620-?pageflag=iframe\" target=\"_blank\"><\/a><\/h3>\n\n\n\n<pre id=\"text-news-description\" class=\"wp-block-preformatted\">   WASHINGTON, 19 jul (Xinhua) -- La Academia Americana de Pediatr\u00eda (AAP) recomend\u00f3 hoy el uso de mascarillas en las escuelas para todos de dos a\u00f1os en adelante, independientemente de su estado de inmunizaci\u00f3n.\n   \"La AAP recomienda el uso universal de las mascarillas porque una porci\u00f3n significativa de la poblaci\u00f3n estudiantil a\u00fan no es elegible para las vacunas y se ha demostrado que el uso de las mascarillas reduce la transmisi\u00f3n del virus y protege a quienes no han sido vacunados\", indic\u00f3 la asociaci\u00f3n en una declaraci\u00f3n.\n   Muchas escuelas carecen de sistemas para monitorear el estado de vacunaci\u00f3n de estudiantes, maestros y personal, y algunas comunidades tienen en general un bajo \u00edndice de vacunaci\u00f3n en donde el virus puede estar circulando de manera m\u00e1s prominente, indic\u00f3 la AAP.\n   La AAP exhort\u00f3 a dar prioridad al aprendizaje presencial e hizo un llamado a las personas elegibles para que se vacunen y se protejan de la COVID-19.<\/pre>\n","protected":false},"excerpt":{"rendered":"<p>diariodominicano.com WASHINGTON, 19 jul (Xinhua) &#8212; La Academia Americana de Pediatr\u00eda (AAP) recomend\u00f3 hoy el uso de mascarillas en las escuelas para todos de dos a\u00f1os en adelante, independientemente de su estado de inmunizaci\u00f3n. \u00abLa AAP recomienda el uso universal de las mascarillas porque una porci\u00f3n significativa de la poblaci\u00f3n estudiantil a\u00fan no es elegible [&hellip;]<\/p>\n","protected":false},"author":5,"featured_media":287805,"comment_status":"closed","ping_status":"","sticky":true,"template":"","format":"standard","meta":{"footnotes":""},"categories":[23,27],"tags":[],"class_list":["post-287804","post","type-post","status-publish","format-standard","has-post-thumbnail","hentry","category-internacional","category-portada"],"_links":{"self":[{"href":"https:\/\/diariodominicano.com\/index.php?rest_route=\/wp\/v2\/posts\/287804","targetHints":{"allow":["GET"]}}],"collection":[{"href":"https:\/\/diariodominicano.com\/index.php?rest_route=\/wp\/v2\/posts"}],"about":[{"href":"https:\/\/diariodominicano.com\/index.php?rest_route=\/wp\/v2\/types\/post"}],"author":[{"embeddable":true,"href":"https:\/\/diariodominicano.com\/index.php?rest_route=\/wp\/v2\/users\/5"}],"replies":[{"embeddable":true,"href":"https:\/\/diariodominicano.com\/index.php?rest_route=%2Fwp%2Fv2%2Fcomments&post=287804"}],"version-history":[{"count":1,"href":"https:\/\/diariodominicano.com\/index.php?rest_route=\/wp\/v2\/posts\/287804\/revisions"}],"predecessor-version":[{"id":287806,"href":"https:\/\/diariodominicano.com\/index.php?rest_route=\/wp\/v2\/posts\/287804\/revisions\/287806"}],"wp:featuredmedia":[{"embeddable":true,"href":"https:\/\/diariodominicano.com\/index.php?rest_route=\/wp\/v2\/media\/287805"}],"wp:attachment":[{"href":"https:\/\/diariodominicano.com\/index.php?rest_route=%2Fwp%2Fv2%2Fmedia&parent=287804"}],"wp:term":[{"taxonomy":"category","embeddable":true,"href":"https:\/\/diariodominicano.com\/index.php?rest_route=%2Fwp%2Fv2%2Fcategories&post=287804"},{"taxonomy":"post_tag","embeddable":true,"href":"https:\/\/diariodominicano.com\/index.php?rest_route=%2Fwp%2Fv2%2Ftags&post=287804"}],"curies":[{"name":"wp","href":"https:\/\/api.w.org\/{rel}","templated":true}]}}