{"id":287783,"date":"2021-07-19T17:08:35","date_gmt":"2021-07-19T21:08:35","guid":{"rendered":"http:\/\/diariodominicano.com\/?p=287783"},"modified":"2021-07-19T17:08:35","modified_gmt":"2021-07-19T21:08:35","slug":"oms-america-representa-cuarta-parte-de-casos-mundiales-de-covid-19-y-40-por-ciento-de-muertes","status":"publish","type":"post","link":"https:\/\/diariodominicano.com\/?p=287783","title":{"rendered":"OMS: Am\u00e9rica representa cuarta parte de casos mundiales de COVID-19 y 40 por ciento de muertes"},"content":{"rendered":"\n<p>diariodominicano.com<a rel=\"noreferrer noopener\" href=\"http:\/\/home.xinhua-news.com\/gdsdetailxhs\/share\/9683656-?pageflag=iframe\" target=\"_blank\"><\/a><\/p>\n\n\n\n<pre id=\"text-news-description\" class=\"wp-block-preformatted\">   GINEBRA, 19 jul (Xinhua) -- Aunque el norte, centro y sur de Am\u00e9rica registraron recientemente s\u00f3lo un peque\u00f1o incremento de casos, de todos modos representan m\u00e1s de la cuarta parte de todos los casos de COVID-19 reportados en el mundo y el 40 por ciento de todas las muertes a nivel mundial, se\u00f1alaron hoy funcionarios de la Organizaci\u00f3n Mundial de la Salud (OMS).\n   \"La semana pasada se reportaron cerca de un mill\u00f3n de casos en Am\u00e9rica\", dijo Maria Van Kerkhove, directora t\u00e9cnica para COVID-19 de la OMS, en una sesi\u00f3n de preguntas y respuestas transmitida en vivo esta tarde por redes sociales.\n   \"En Brasil, la semana pasada se reportaron cerca de 300.000 casos. En Estados Unidos se reportaron m\u00e1s de 200.000 casos\", dijo.\n   Van Kerkhove advirti\u00f3 sobre un pico en el nivel de transmisi\u00f3n observado en la regi\u00f3n y dijo que \"est\u00e1n estancados en un nivel de intensidad realmente alto y parece que no han podido bajar esa transmisi\u00f3n\".\n   El mundo en general registr\u00f3 un incremento de mundial de 11,5 por ciento en los casos la semana pasada, dijeron los funcionarios de la OMS. Europa y el Pac\u00edfico occidental fueron las regiones m\u00e1s afectadas.\n   La regi\u00f3n americana registr\u00f3 un incremento moderado de 0,5 por ciento, pero algunos pa\u00edses se han visto afectados por picos de transmisi\u00f3n realmente agudos posiblemente debido a las nuevas variantes, dijo Van Kerkhove.\n   Sin embargo, la nueva variante Lambda descubierta primero en Am\u00e9rica del Sur no parece haber causado un incremento en los casos pues ha empezado a ser \"desplazada\" por otras variantes, a\u00f1adi\u00f3.\n   \"Am\u00e9rica del Sur, Am\u00e9rica Central y otros lugares del mundo necesitan m\u00e1s vacunas para romper este ciclo letal de casos\", dijo Michael Ryan, director ejecutivo del Programa de Emergencias Sanitarias de la OMS.<\/pre>\n","protected":false},"excerpt":{"rendered":"<p>diariodominicano.com GINEBRA, 19 jul (Xinhua) &#8212; Aunque el norte, centro y sur de Am\u00e9rica registraron recientemente s\u00f3lo un peque\u00f1o incremento de casos, de todos modos representan m\u00e1s de la cuarta parte de todos los casos de COVID-19 reportados en el mundo y el 40 por ciento de todas las muertes a nivel mundial, se\u00f1alaron hoy [&hellip;]<\/p>\n","protected":false},"author":5,"featured_media":287784,"comment_status":"closed","ping_status":"","sticky":true,"template":"","format":"standard","meta":{"footnotes":""},"categories":[23,27],"tags":[],"class_list":["post-287783","post","type-post","status-publish","format-standard","has-post-thumbnail","hentry","category-internacional","category-portada"],"_links":{"self":[{"href":"https:\/\/diariodominicano.com\/index.php?rest_route=\/wp\/v2\/posts\/287783","targetHints":{"allow":["GET"]}}],"collection":[{"href":"https:\/\/diariodominicano.com\/index.php?rest_route=\/wp\/v2\/posts"}],"about":[{"href":"https:\/\/diariodominicano.com\/index.php?rest_route=\/wp\/v2\/types\/post"}],"author":[{"embeddable":true,"href":"https:\/\/diariodominicano.com\/index.php?rest_route=\/wp\/v2\/users\/5"}],"replies":[{"embeddable":true,"href":"https:\/\/diariodominicano.com\/index.php?rest_route=%2Fwp%2Fv2%2Fcomments&post=287783"}],"version-history":[{"count":1,"href":"https:\/\/diariodominicano.com\/index.php?rest_route=\/wp\/v2\/posts\/287783\/revisions"}],"predecessor-version":[{"id":287785,"href":"https:\/\/diariodominicano.com\/index.php?rest_route=\/wp\/v2\/posts\/287783\/revisions\/287785"}],"wp:featuredmedia":[{"embeddable":true,"href":"https:\/\/diariodominicano.com\/index.php?rest_route=\/wp\/v2\/media\/287784"}],"wp:attachment":[{"href":"https:\/\/diariodominicano.com\/index.php?rest_route=%2Fwp%2Fv2%2Fmedia&parent=287783"}],"wp:term":[{"taxonomy":"category","embeddable":true,"href":"https:\/\/diariodominicano.com\/index.php?rest_route=%2Fwp%2Fv2%2Fcategories&post=287783"},{"taxonomy":"post_tag","embeddable":true,"href":"https:\/\/diariodominicano.com\/index.php?rest_route=%2Fwp%2Fv2%2Ftags&post=287783"}],"curies":[{"name":"wp","href":"https:\/\/api.w.org\/{rel}","templated":true}]}}