{"id":287718,"date":"2021-07-19T02:29:53","date_gmt":"2021-07-19T06:29:53","guid":{"rendered":"http:\/\/diariodominicano.com\/?p=287718"},"modified":"2021-07-19T02:41:29","modified_gmt":"2021-07-19T06:41:29","slug":"celebran-exhibicion-de-pinturas-en-el-alto-manhattan","status":"publish","type":"post","link":"https:\/\/diariodominicano.com\/?p=287718","title":{"rendered":"Celebran exhibici\u00f3n de pinturas en el Alto Manhattan"},"content":{"rendered":"\n<p><strong>Por Ram\u00f3n Mercedes<\/strong><\/p>\n\n\n\n<p><strong>NUEVA YORK.-<\/strong>&nbsp;Fue celebrada la exhibici\u00f3n anual de pinturas, con la participaci\u00f3n de pintores, poetas, cantantes dominicanos y de otras etnias, en el Alto Manhattan.<\/p>\n\n\n\n<p>La actividad llamada \u201cArte en el Jard\u00edn\u201d se llev\u00f3 a cabo el pasado s\u00e1bado en el \u201cParque Ring Garden\u201d, ubicado en la calle Dyckman con Broadway, en el sector de Inwood, y cont\u00f3 con la asistencia de un nutrido p\u00fablico que pudo observar las distintas obras.<\/p>\n\n\n\n<figure class=\"wp-block-image size-large is-style-default\"><img loading=\"lazy\" decoding=\"async\" width=\"864\" height=\"312\" src=\"https:\/\/diariodominicano.com\/wp-content\/uploads\/2021\/07\/image-30.png\" alt=\"\" class=\"wp-image-287723\" srcset=\"https:\/\/diariodominicano.com\/wp-content\/uploads\/2021\/07\/image-30.png 864w, https:\/\/diariodominicano.com\/wp-content\/uploads\/2021\/07\/image-30-300x108.png 300w, https:\/\/diariodominicano.com\/wp-content\/uploads\/2021\/07\/image-30-768x277.png 768w, https:\/\/diariodominicano.com\/wp-content\/uploads\/2021\/07\/image-30-816x295.png 816w\" sizes=\"auto, (max-width: 864px) 100vw, 864px\" \/><\/figure>\n\n\n\n<p>Entre los pintores dominicanos estuvieron Ren\u00e9 de los Santos, quien particip\u00f3 con un proyecto de grafica identificado \u201cCiguita dominicana\u201d. Adem\u00e1s, est\u00e1 presentando ocho trabajos, entre ellos uno inspirado en los \u201cLechones de Santiago\u201d.<\/p>\n\n\n\n<p>Tambi\u00e9n, el quisqueyano Mario Tavares, quien present\u00f3 cuatro cuadros acr\u00edlicos, inspirado en Punta Cana, otro en el Universo y en una bailarina. Son cuadros exhibido en la Quinta avenida en Down Town Manhattan. Afirm\u00f3 que ha efectuado m\u00e1s de 15 exposiciones en Manhattan.<\/p>\n\n\n\n<p>Entre los artistas pintores participantes figuran Andrea Kornbluth, Crysta Romero, Ganiel Bonilla, Darcy Rogers, Dashvelly Santana, Estefania Wu, ivana Ferguson, Gregory Coutinho, Jennifer Wollock, Jes\u00fas. M. Santana, Antonia Dur\u00e1n, y Julann&nbsp;&nbsp;Gebbie.<\/p>\n\n\n\n<p>Adem\u00e1s, Lisbeth Checo, Mandy Zou, Mar\u00eda Estvez, Nathan Wollock, Rebeca Millis, Regina Gradess, Rob\u00edn Alc\u00e1ntara, Rub\u00e9n Dar\u00edo Ram\u00edrez, Sally Fisher, Suzanne Russo, y Uniqua Simons, entre otros.<\/p>\n","protected":false},"excerpt":{"rendered":"<p>Por Ram\u00f3n Mercedes NUEVA YORK.-&nbsp;Fue celebrada la exhibici\u00f3n anual de pinturas, con la participaci\u00f3n de pintores, poetas, cantantes dominicanos y de otras etnias, en el Alto Manhattan. La actividad llamada \u201cArte en el Jard\u00edn\u201d se llev\u00f3 a cabo el pasado s\u00e1bado en el \u201cParque Ring Garden\u201d, ubicado en la calle Dyckman con Broadway, en el [&hellip;]<\/p>\n","protected":false},"author":7,"featured_media":287723,"comment_status":"closed","ping_status":"","sticky":true,"template":"","format":"standard","meta":{"footnotes":""},"categories":[23,27],"tags":[],"class_list":["post-287718","post","type-post","status-publish","format-standard","has-post-thumbnail","hentry","category-internacional","category-portada"],"_links":{"self":[{"href":"https:\/\/diariodominicano.com\/index.php?rest_route=\/wp\/v2\/posts\/287718","targetHints":{"allow":["GET"]}}],"collection":[{"href":"https:\/\/diariodominicano.com\/index.php?rest_route=\/wp\/v2\/posts"}],"about":[{"href":"https:\/\/diariodominicano.com\/index.php?rest_route=\/wp\/v2\/types\/post"}],"author":[{"embeddable":true,"href":"https:\/\/diariodominicano.com\/index.php?rest_route=\/wp\/v2\/users\/7"}],"replies":[{"embeddable":true,"href":"https:\/\/diariodominicano.com\/index.php?rest_route=%2Fwp%2Fv2%2Fcomments&post=287718"}],"version-history":[{"count":3,"href":"https:\/\/diariodominicano.com\/index.php?rest_route=\/wp\/v2\/posts\/287718\/revisions"}],"predecessor-version":[{"id":287729,"href":"https:\/\/diariodominicano.com\/index.php?rest_route=\/wp\/v2\/posts\/287718\/revisions\/287729"}],"wp:featuredmedia":[{"embeddable":true,"href":"https:\/\/diariodominicano.com\/index.php?rest_route=\/wp\/v2\/media\/287723"}],"wp:attachment":[{"href":"https:\/\/diariodominicano.com\/index.php?rest_route=%2Fwp%2Fv2%2Fmedia&parent=287718"}],"wp:term":[{"taxonomy":"category","embeddable":true,"href":"https:\/\/diariodominicano.com\/index.php?rest_route=%2Fwp%2Fv2%2Fcategories&post=287718"},{"taxonomy":"post_tag","embeddable":true,"href":"https:\/\/diariodominicano.com\/index.php?rest_route=%2Fwp%2Fv2%2Ftags&post=287718"}],"curies":[{"name":"wp","href":"https:\/\/api.w.org\/{rel}","templated":true}]}}