{"id":287717,"date":"2021-07-19T02:37:19","date_gmt":"2021-07-19T06:37:19","guid":{"rendered":"http:\/\/diariodominicano.com\/?p=287717"},"modified":"2021-07-19T02:41:54","modified_gmt":"2021-07-19T06:41:54","slug":"valoran-comision-presidencial-para-comprar-edificio-alojara-oficinas-gubernamentales-rd-en-nyc","status":"publish","type":"post","link":"https:\/\/diariodominicano.com\/?p=287717","title":{"rendered":"Valoran comisi\u00f3n presidencial para comprar edificio alojar\u00e1 oficinas gubernamentales RD en NYC"},"content":{"rendered":"\n<p><strong>Por Ram\u00f3n Mercedes<\/strong><\/p>\n\n\n\n<p><strong>NUEVA YORK.-<\/strong>&nbsp;Dominicanos residentes en esta ciudad valoraron positivamente la comisi\u00f3n escogida por el presidente Luis Abinader de prestantes, incuestionables y reconocidos connacionales para hacer las gestiones legales y adquirir el edificio que alojar\u00e1 todas las dependencias gubernamentales de la RD en NYC, y llevar\u00e1 el nombre de \u201cDominican Center\u201d.<\/p>\n\n\n\n<p>En un documento, Bartolo Manzueta, Andr\u00e9s Ruiz, Juan Fco. Acevedo, Mar\u00eda de los Santos, Altagracia Contreras, Iv\u00e1n Rosario, Rodolfo Liberato, Miguelina Calca\u00f1o, Miguel del Orbe, Emilio L\u00f3pez, Danilo Rivera, Hugo Mena, Wilfredo Luna, y Leonardo B\u00e1ez, entre otros, tambi\u00e9n consideraron atinada la decisi\u00f3n personal del c\u00f3nsul Eligio J\u00e1quez de autoexcluirse de dicha comisi\u00f3n.<\/p>\n\n\n\n<p>El presidente Abinader escogi\u00f3 la comisi\u00f3n, mediante el decreto presidencial 433-21, y estar\u00e1 encabezada por el doctor Rafael Lantigua, el congresista Adriano Espaillat y el ex presidente de la Asociaci\u00f3n de Supermercados (NSA), Rodolfo Fuertes (Rudy).<\/p>\n\n\n\n<p>Asimismo, por Rafael Agust\u00edn Taveras; Bernardo de Pe\u00f1a Arias y \u00c1ngel Garc\u00eda Berroa. El canciller qued\u00f3 autorizado a hacer la compra a trav\u00e9s de su Comit\u00e9 de Compras y Contrataciones.<\/p>\n\n\n\n<p>Las oficinas en ser alojadas son el Consulado, Turismo, Aduanas, UASD, INDEX, INTRAN, INFOTEP, Correo Dominicano, Comisionado Cultura, Direcci\u00f3n General de Programas Especiales de la Presidencia (DIGEPEP), JCE, Pro-Dominicana (antigua Cedopex) y otras. La misi\u00f3n de la ONU qued\u00f3 excluida.<\/p>\n\n\n\n<p>Se inform\u00f3 que el Gobierno ya tiene visto un edificio que re\u00fane todas las condiciones, ubicado en la calle 53 con la Quinta avenida en Manhattan. Su costo ronda los 22 millones de d\u00f3lares, que en menos de 10 a\u00f1os el gobierno habr\u00e1 recuperado dicha inversi\u00f3n al dejar de pagar una millonada anualmente en alquiler en todas esas dependencias.<\/p>\n\n\n\n<p>El local que aloja actualmente el Consulado de RD en NY tiene una renta mensual de $58,269.67, alquiler que se mantendr\u00e1 hasta que expire dicho contrato (septiembre 2024)<\/p>\n\n\n\n<p>Se economizar\u00e1 tiempo y dinero a los quisqueyanos, no teniendo que ir por aqu\u00ed ni por all\u00e1 en busca de tal o cual documento, se indica. RD posee actualmente tres edificios en el exterior. En Washington DC, Alemania y Espa\u00f1a <\/p>\n","protected":false},"excerpt":{"rendered":"<p>Por Ram\u00f3n Mercedes NUEVA YORK.-&nbsp;Dominicanos residentes en esta ciudad valoraron positivamente la comisi\u00f3n escogida por el presidente Luis Abinader de prestantes, incuestionables y reconocidos connacionales para hacer las gestiones legales y adquirir el edificio que alojar\u00e1 todas las dependencias gubernamentales de la RD en NYC, y llevar\u00e1 el nombre de \u201cDominican Center\u201d. En un documento, [&hellip;]<\/p>\n","protected":false},"author":7,"featured_media":287721,"comment_status":"closed","ping_status":"","sticky":true,"template":"","format":"standard","meta":{"footnotes":""},"categories":[23,27],"tags":[],"class_list":["post-287717","post","type-post","status-publish","format-standard","has-post-thumbnail","hentry","category-internacional","category-portada"],"_links":{"self":[{"href":"https:\/\/diariodominicano.com\/index.php?rest_route=\/wp\/v2\/posts\/287717","targetHints":{"allow":["GET"]}}],"collection":[{"href":"https:\/\/diariodominicano.com\/index.php?rest_route=\/wp\/v2\/posts"}],"about":[{"href":"https:\/\/diariodominicano.com\/index.php?rest_route=\/wp\/v2\/types\/post"}],"author":[{"embeddable":true,"href":"https:\/\/diariodominicano.com\/index.php?rest_route=\/wp\/v2\/users\/7"}],"replies":[{"embeddable":true,"href":"https:\/\/diariodominicano.com\/index.php?rest_route=%2Fwp%2Fv2%2Fcomments&post=287717"}],"version-history":[{"count":3,"href":"https:\/\/diariodominicano.com\/index.php?rest_route=\/wp\/v2\/posts\/287717\/revisions"}],"predecessor-version":[{"id":287726,"href":"https:\/\/diariodominicano.com\/index.php?rest_route=\/wp\/v2\/posts\/287717\/revisions\/287726"}],"wp:featuredmedia":[{"embeddable":true,"href":"https:\/\/diariodominicano.com\/index.php?rest_route=\/wp\/v2\/media\/287721"}],"wp:attachment":[{"href":"https:\/\/diariodominicano.com\/index.php?rest_route=%2Fwp%2Fv2%2Fmedia&parent=287717"}],"wp:term":[{"taxonomy":"category","embeddable":true,"href":"https:\/\/diariodominicano.com\/index.php?rest_route=%2Fwp%2Fv2%2Fcategories&post=287717"},{"taxonomy":"post_tag","embeddable":true,"href":"https:\/\/diariodominicano.com\/index.php?rest_route=%2Fwp%2Fv2%2Ftags&post=287717"}],"curies":[{"name":"wp","href":"https:\/\/api.w.org\/{rel}","templated":true}]}}