{"id":287698,"date":"2021-07-19T00:03:24","date_gmt":"2021-07-19T04:03:24","guid":{"rendered":"http:\/\/diariodominicano.com\/?p=287698"},"modified":"2021-07-19T00:03:24","modified_gmt":"2021-07-19T04:03:24","slug":"que-esta-pasando-en-cuba","status":"publish","type":"post","link":"https:\/\/diariodominicano.com\/?p=287698","title":{"rendered":"\u00bfQu\u00e9 esta pasando en Cuba?"},"content":{"rendered":"\n<p>diariodominicano.com<\/p>\n\n\n\n<p>Por <strong>Jos\u00e9 G\u00f3mez Cerda<\/strong><\/p>\n\n\n\n<p>Santiago, R. D., 19 de julio, 2021.  <strong>Tras 62 a\u00f1os de vivir en una dictadura, la juventud cubana sali\u00f3 el domingo 11 de julio a las calles \u00a0\u00a0en\u00a014 regiones de Cuba\u00a0para\u00a0protestar\u00a0pac\u00edficamente\u00a0por\u00a0la econom\u00eda, la escasez\u00a0de\u00a0medicamentos, la respuesta a la pandemia del COVID-19 y las duras restricciones a la libertad\u00a0de\u00a0expresi\u00f3n y\u00a0de\u00a0reuni\u00f3n.<\/strong><\/p>\n\n\n\n<p><strong>Las demandas de los cubanos son variadas: que se terminen las largas filas para conseguir alimentos y medicamentos debido al desabastecimiento de bienes b\u00e1sicos, que se acelere el plan de vacunaci\u00f3n contra el COVID-19 ante un aumento en los contagios y que se ponga fin a los intermitentes cortes de energ\u00eda que sufre la isla.<\/strong><\/p>\n\n\n\n<p><strong>Durante seis d\u00e9cadas en Cuba no existe oposici\u00f3n, por la fuerza, ni de partidos pol\u00edticos, ni sindicatos, tampoco tienen derechos a la prensa libre, ni a organizaci\u00f3n de la sociedad civil, en conclusi\u00f3n, han sido m\u00e1s de 60 a\u00f1os viviendo en una dictadura.<\/strong><\/p>\n\n\n\n<p><strong>Una serie de&nbsp;<\/strong><strong><a href=\"https:\/\/www.youtube.com\/hashtag\/protestas\" target=\"_blank\" rel=\"noreferrer noopener\">protestas<\/a><\/strong><strong> sin precedentes con gritos de \u00ab\u00a1libertad!\u00bb y \u00ab\u00a1abajo la dictadura!\u00bb estallaron el &nbsp;pasado domingo en <\/strong><strong><a href=\"https:\/\/www.youtube.com\/hashtag\/cuba\" target=\"_blank\" rel=\"noreferrer noopener\">Cuba<\/a><\/strong><strong>.&nbsp;Una tercera generaci\u00f3n ha tomado la palabra, ahora con el lema de \u00a1Libertad y vida!<\/strong><\/p>\n\n\n\n<p><strong>La primera protesta surgi\u00f3 en la ciudad de San Antonio de los Ba\u00f1os, cerca de La Habana. Los manifestantes&nbsp;<a href=\"https:\/\/www.bbc.com\/mundo\/noticias-america-latina-57783099\" target=\"_blank\" rel=\"noreferrer noopener\">publicaron videos en Facebook Live<\/a>, incluyendo videos cortos que muestran a las fuerzas de seguridad intentando dispersar las protestas. Fue entonces cuando&nbsp;<a href=\"https:\/\/www.washingtonpost.com\/world\/2021\/07\/12\/cuba-anti-government-protests\/\" target=\"_blank\" rel=\"noreferrer noopener\">estallaron las manifestaciones<\/a>&nbsp;en todo el pa\u00eds. El pueblo cubano, que en su mayor\u00eda est\u00e1 obligado a ser apol\u00edtico, al parecer decidi\u00f3 sumarse a las protestas contra el gobierno.<\/strong><\/p>\n\n\n\n<p>La pandemia de coronavirus ha golpeado duramente al motor econ\u00f3mico de&nbsp;<strong>Cuba<\/strong>, el turismo ha ca\u00eddo como en todo el mundo, a lo que se ha sumado &nbsp;la inflaci\u00f3n, a los continuos apagones y a la escasez de alimentos y productos b\u00e1sicos en la isla. &#8230; Mientras tanto, los productos en los comercios de pesos&nbsp;<strong>cubanos<\/strong>&nbsp;cada vez son m\u00e1s escasos.<\/p>\n\n\n\n<p>La respuesta del gobierno ha sido la encarcelaci\u00f3n, persecuci\u00f3n y ataques a todos los que se han manifestado p\u00fablicamente. A pesar de eso, el gobierno cubano ha tomado algunas medidas para mitigar la miseria del pueblo permitiendo la entrada de algunos alimentos, medicinas y asuntos de higiene, pagando pocos impuestos. \u00a1Pero eso no basta, el pueblo pide libertad!<strong><\/strong><\/p>\n\n\n\n<p><strong>El papa Francisco expres\u00f3 este domingo, su preocupaci\u00f3n por los \u00abmomentos dif\u00edciles\u00bb que vive Cuba a causa de las protestas e inst\u00f3 al \u00abdi\u00e1logo y la solidaridad\u00bb&nbsp;\u00abEstoy cerca del querido pueblo cubano en estos momentos dif\u00edciles, en particular a las familias, que mayormente sufren. Rezo al Se\u00f1or para que ayude a construir en paz di\u00e1logo y solidaridad una sociedad cada vez m\u00e1s justa y fraterna\u00bb,<\/strong><\/p>\n\n\n\n<p><strong>Los que queremos al pueblo de Cuba, deseamos que esa naci\u00f3n pueda vivir en libertad, con respeto a los derechos humanos, a la libertad de prensa y de partidos pol\u00edticos, con elecciones libres y democr\u00e1ticas, que sus ciudadanos puedan disfrutar de libertad y democracia.<\/strong><\/p>\n\n\n\n<p><strong>Santiago de los Caballeros.<\/strong><\/p>\n","protected":false},"excerpt":{"rendered":"<p>diariodominicano.com Por Jos\u00e9 G\u00f3mez Cerda Santiago, R. D., 19 de julio, 2021. Tras 62 a\u00f1os de vivir en una dictadura, la juventud cubana sali\u00f3 el domingo 11 de julio a las calles \u00a0\u00a0en\u00a014 regiones de Cuba\u00a0para\u00a0protestar\u00a0pac\u00edficamente\u00a0por\u00a0la econom\u00eda, la escasez\u00a0de\u00a0medicamentos, la respuesta a la pandemia del COVID-19 y las duras restricciones a la libertad\u00a0de\u00a0expresi\u00f3n y\u00a0de\u00a0reuni\u00f3n. Las [&hellip;]<\/p>\n","protected":false},"author":5,"featured_media":283755,"comment_status":"closed","ping_status":"","sticky":true,"template":"","format":"standard","meta":{"footnotes":""},"categories":[19,27],"tags":[],"class_list":["post-287698","post","type-post","status-publish","format-standard","has-post-thumbnail","hentry","category-mi-voz","category-portada"],"_links":{"self":[{"href":"https:\/\/diariodominicano.com\/index.php?rest_route=\/wp\/v2\/posts\/287698","targetHints":{"allow":["GET"]}}],"collection":[{"href":"https:\/\/diariodominicano.com\/index.php?rest_route=\/wp\/v2\/posts"}],"about":[{"href":"https:\/\/diariodominicano.com\/index.php?rest_route=\/wp\/v2\/types\/post"}],"author":[{"embeddable":true,"href":"https:\/\/diariodominicano.com\/index.php?rest_route=\/wp\/v2\/users\/5"}],"replies":[{"embeddable":true,"href":"https:\/\/diariodominicano.com\/index.php?rest_route=%2Fwp%2Fv2%2Fcomments&post=287698"}],"version-history":[{"count":1,"href":"https:\/\/diariodominicano.com\/index.php?rest_route=\/wp\/v2\/posts\/287698\/revisions"}],"predecessor-version":[{"id":287699,"href":"https:\/\/diariodominicano.com\/index.php?rest_route=\/wp\/v2\/posts\/287698\/revisions\/287699"}],"wp:featuredmedia":[{"embeddable":true,"href":"https:\/\/diariodominicano.com\/index.php?rest_route=\/wp\/v2\/media\/283755"}],"wp:attachment":[{"href":"https:\/\/diariodominicano.com\/index.php?rest_route=%2Fwp%2Fv2%2Fmedia&parent=287698"}],"wp:term":[{"taxonomy":"category","embeddable":true,"href":"https:\/\/diariodominicano.com\/index.php?rest_route=%2Fwp%2Fv2%2Fcategories&post=287698"},{"taxonomy":"post_tag","embeddable":true,"href":"https:\/\/diariodominicano.com\/index.php?rest_route=%2Fwp%2Fv2%2Ftags&post=287698"}],"curies":[{"name":"wp","href":"https:\/\/api.w.org\/{rel}","templated":true}]}}