{"id":287696,"date":"2021-07-18T23:51:50","date_gmt":"2021-07-19T03:51:50","guid":{"rendered":"http:\/\/diariodominicano.com\/?p=287696"},"modified":"2021-07-18T23:51:50","modified_gmt":"2021-07-19T03:51:50","slug":"onu-solicita-cooperacion-al-gobierno-dominicano-para-detener-hambruna-mundial","status":"publish","type":"post","link":"https:\/\/diariodominicano.com\/?p=287696","title":{"rendered":"ONU solicita cooperaci\u00f3n al gobierno dominicano para detener hambruna mundial"},"content":{"rendered":"\n<p>diariodominicano.com<\/p>\n\n\n\n<p>Santo Domingo, R. D. , 18 de julio, 2021.-\u00a0La Organizaci\u00f3n de las Naciones Unidas (ONU),\u00a0a trav\u00e9s de su secretario general\u00a0Ant\u00f3nio Guterres, solicit\u00f3 por medio de una carta al presidente Luis\u00a0Abinader\u00a0la cooperaci\u00f3n de su Gobierno para detener la hambruna mundial.<\/p>\n\n\n\n<p>Ante este pedimento del organismo internacional, la Rep\u00fablica Dominicana, que ha podido incrementar la producci\u00f3n de alimentos, lidiar exitosamente con la pandemia y mantener un envidiable clima de paz y estabilidad, se mostrar\u00e1 solidaria como siempre para evitar esta amenaza.<\/p>\n\n\n\n<p>De acuerdo a&nbsp;Guterres, la acci\u00f3n urgente consiste en aportar \u201cfondos sustanciales al sistema humanitario a trav\u00e9s de los planes de respuesta humanitaria, el Fondo Central para la Acci\u00f3n en Casos de Emergencias y los Fondos Mancomunados para Pa\u00edses Concretos\u201d.<\/p>\n\n\n\n<p>El secretario general de la ONU, inform\u00f3 en la misiva dirigida al jefe de Estado dominicano que \u201cm\u00e1s de 41 millones de personas en todo el mundo corren actualmente el peligro de padecer una hambruna o vivir en condiciones pr\u00e1cticamente de hambruna\u201d.&nbsp;<\/p>\n\n\n\n<p>Tiempo para evitar hambruna se agota<\/p>\n\n\n\n<p>Enfatiz\u00f3 que \u201chay que actuar de inmediato. Debo advertir que el tiempo de que disponemos para evitar la hambruna se agota r\u00e1pidamente\u201d.<\/p>\n\n\n\n<p>La necesidad espec\u00edfica de dinero para las organizaciones humanitarias mencionadas, de acuerdo a la carta del secretario general, es de \u201c6,000 millones de d\u00f3lares para proporcionar asistencia en los pa\u00edses afectados\u201d.<\/p>\n\n\n\n<p>Ant\u00f3nio&nbsp;Guterres&nbsp;expresa que en los pr\u00f3ximos meses la hambruna asolar\u00e1 a la poblaci\u00f3n de m\u00e1s de 20 pa\u00edses si la comunidad internacional no toma medidas urgentes para evitarla.<\/p>\n\n\n\n<p>Mayor parte de pa\u00edses afectados se encuentran en \u00c1frica<\/p>\n\n\n\n<p>Precisaron&nbsp;que la mayor parte de los pa\u00edses afectados se encuentran en \u00c1frica y que el flagelo del hambre est\u00e1 en pr\u00e1cticamente todas las regiones del mundo, incluida Am\u00e9rica Latina, seg\u00fan el documento elaborado por la Organizaci\u00f3n de las Naciones Unidas para la Alimentaci\u00f3n y la Agricultura (FAO) y el Programa Mundial de Alimentos (PMA).<\/p>\n\n\n\n<p>Guterres&nbsp;agreg\u00f3 adem\u00e1s que \u201cen marzo de este a\u00f1o cre\u00e9 un equipo de tareas de alto nivel para la prevenci\u00f3n de la hambruna que incluye al&nbsp;secretario&nbsp;general Adjunto de Asuntos Humanitarios y Coordinador del Socorro de Emergencia, el director general de la Organizaci\u00f3n de las Naciones Unidas para la Alimentaci\u00f3n y la Agricultura (FAO) y el&nbsp;director&nbsp;ejecutivo del Programa Mundial de Alimentos\u201d.<\/p>\n\n\n\n<p>La FAO y el PMA incluyen a algunos pa\u00edses latinoamericanos<\/p>\n\n\n\n<p>El&nbsp;secretario&nbsp;general de la ONU recuerda en su carta que \u201cla \u00faltima vez que el mundo se enfrent\u00f3 al fantasma de la hambruna, en 2017, escrib\u00ed a todos los estados miembros para dar la voz de alarma y solicitar su ayuda. Los estados miembros respondieron generosamente y pudimos evitar el peor de los casos posibles\u201d.<\/p>\n\n\n\n<p>En el escrito del\u00a0secretario\u00a0general de la ONU\u00a0solo\u00a0hace referencia a las personas que viven en Burkina Faso, Etiop\u00eda, el sur de Madagascar, el nordeste de Nigeria, Sud\u00e1n del Sur y Yemen, pero en el informe preparado sobre el tema por la FAO y el PMA se incluye a algunos pa\u00edses latinoamericanos como El Salvador, Guatemala, Honduras, Venezuela y Hait\u00ed, como pa\u00edses en riesgo como resultado de la pandemia, fen\u00f3menos clim\u00e1ticos o crisis pol\u00edticas y sociales.<\/p>\n\n\n\n<p>Fuente: Direcci\u00f3n de Prensa<\/p>\n\n\n\n<p>Presidencia de la Rep\u00fablica Dominicana<\/p>\n","protected":false},"excerpt":{"rendered":"<p>diariodominicano.com Santo Domingo, R. D. , 18 de julio, 2021.-\u00a0La Organizaci\u00f3n de las Naciones Unidas (ONU),\u00a0a trav\u00e9s de su secretario general\u00a0Ant\u00f3nio Guterres, solicit\u00f3 por medio de una carta al presidente Luis\u00a0Abinader\u00a0la cooperaci\u00f3n de su Gobierno para detener la hambruna mundial. Ante este pedimento del organismo internacional, la Rep\u00fablica Dominicana, que ha podido incrementar la producci\u00f3n [&hellip;]<\/p>\n","protected":false},"author":5,"featured_media":285608,"comment_status":"closed","ping_status":"","sticky":true,"template":"","format":"standard","meta":{"footnotes":""},"categories":[20,27],"tags":[],"class_list":["post-287696","post","type-post","status-publish","format-standard","has-post-thumbnail","hentry","category-dominicana-hoy","category-portada"],"_links":{"self":[{"href":"https:\/\/diariodominicano.com\/index.php?rest_route=\/wp\/v2\/posts\/287696","targetHints":{"allow":["GET"]}}],"collection":[{"href":"https:\/\/diariodominicano.com\/index.php?rest_route=\/wp\/v2\/posts"}],"about":[{"href":"https:\/\/diariodominicano.com\/index.php?rest_route=\/wp\/v2\/types\/post"}],"author":[{"embeddable":true,"href":"https:\/\/diariodominicano.com\/index.php?rest_route=\/wp\/v2\/users\/5"}],"replies":[{"embeddable":true,"href":"https:\/\/diariodominicano.com\/index.php?rest_route=%2Fwp%2Fv2%2Fcomments&post=287696"}],"version-history":[{"count":1,"href":"https:\/\/diariodominicano.com\/index.php?rest_route=\/wp\/v2\/posts\/287696\/revisions"}],"predecessor-version":[{"id":287697,"href":"https:\/\/diariodominicano.com\/index.php?rest_route=\/wp\/v2\/posts\/287696\/revisions\/287697"}],"wp:featuredmedia":[{"embeddable":true,"href":"https:\/\/diariodominicano.com\/index.php?rest_route=\/wp\/v2\/media\/285608"}],"wp:attachment":[{"href":"https:\/\/diariodominicano.com\/index.php?rest_route=%2Fwp%2Fv2%2Fmedia&parent=287696"}],"wp:term":[{"taxonomy":"category","embeddable":true,"href":"https:\/\/diariodominicano.com\/index.php?rest_route=%2Fwp%2Fv2%2Fcategories&post=287696"},{"taxonomy":"post_tag","embeddable":true,"href":"https:\/\/diariodominicano.com\/index.php?rest_route=%2Fwp%2Fv2%2Ftags&post=287696"}],"curies":[{"name":"wp","href":"https:\/\/api.w.org\/{rel}","templated":true}]}}