{"id":287693,"date":"2021-07-18T23:47:41","date_gmt":"2021-07-19T03:47:41","guid":{"rendered":"http:\/\/diariodominicano.com\/?p=287693"},"modified":"2021-07-18T23:47:41","modified_gmt":"2021-07-19T03:47:41","slug":"uruguay-contempla-reabrir-frontera-a-extranjeros-vacunados-contra-covid-19","status":"publish","type":"post","link":"https:\/\/diariodominicano.com\/?p=287693","title":{"rendered":"Uruguay contempla reabrir frontera a extranjeros vacunados contra COVID-19"},"content":{"rendered":"\n<p>diariodominicano.com<a rel=\"noreferrer noopener\" href=\"http:\/\/home.xinhua-news.com\/gdsdetailxhs\/share\/9678852-?pageflag=iframe\" target=\"_blank\"><\/a><\/p>\n\n\n\n<pre id=\"text-news-description\" class=\"wp-block-preformatted\">   MONTEVIDEO, 18 jul (Xinhua) -- El presidente de Uruguay, Luis Lacalle Pou, dijo hoy que el pa\u00eds se plantea como objetivo reabrir las fronteras a extranjeros vacunados contra la enfermedad del nuevo coronavirus (COVID-19) en la pr\u00f3xima primavera austral.\n   \"No tomen al pie de la letra que en primavera se va a abrir\", pero \"estamos pensando en ese horizonte\", se\u00f1al\u00f3 Lacalle a periodistas, tras participar en la ciudad de Montevideo en el acto por el 191 aniversario de la Jura de la Constituci\u00f3n.\n   \"Como uno de los sectores m\u00e1s golpeados que tenemos que ayudar a reactivar es el turismo. Si as\u00ed lo permite lo que venimos viviendo y las nuevas variantes, tenemos pensado en primavera abrir la frontera para algunas personas (...) que est\u00e9n inmunizadas\", sostuvo.\n   Lacalle coment\u00f3 que se estudia la posibilidad de establecer una cuarentena obligatoria para los viajeros que est\u00e9n habilitados a ingresar al pa\u00eds, entre ellos uruguayos, residentes o extranjeros con algunas excepciones.\n   El Ministerio de Salud P\u00fablica confirm\u00f3 el s\u00e1bado la detecci\u00f3n de los primeros casos de la variante Delta de coronavirus y de otras dos de preocupaci\u00f3n como Alfa y Beta.\n   De acuerdo con los datos de las autoridades, m\u00e1s del 69 por ciento de la poblaci\u00f3n uruguaya ya recibi\u00f3 la primera dosis de la vacuna contra la COVID-19 y m\u00e1s del 57 por ciento las dos necesarias.\n   Hace m\u00e1s de cuatro semanas que el pa\u00eds sudamericano registra una mejora en todos los indicadores de la pandemia, con una reducci\u00f3n sostenida de contagios, casos activos, ingresos a unidades de cuidados intensivos y muertes, luego de registrar los peores indicadores entre abril y junio de este a\u00f1o.\n   Uruguay acumul\u00f3 hasta el pasado s\u00e1bado 378.733 contagios de la enfermedad y 5.879 muertes a causa del virus. <\/pre>\n","protected":false},"excerpt":{"rendered":"<p>diariodominicano.com MONTEVIDEO, 18 jul (Xinhua) &#8212; El presidente de Uruguay, Luis Lacalle Pou, dijo hoy que el pa\u00eds se plantea como objetivo reabrir las fronteras a extranjeros vacunados contra la enfermedad del nuevo coronavirus (COVID-19) en la pr\u00f3xima primavera austral. \u00abNo tomen al pie de la letra que en primavera se va a abrir\u00bb, pero [&hellip;]<\/p>\n","protected":false},"author":5,"featured_media":287694,"comment_status":"closed","ping_status":"","sticky":true,"template":"","format":"standard","meta":{"footnotes":""},"categories":[23,27],"tags":[],"class_list":["post-287693","post","type-post","status-publish","format-standard","has-post-thumbnail","hentry","category-internacional","category-portada"],"_links":{"self":[{"href":"https:\/\/diariodominicano.com\/index.php?rest_route=\/wp\/v2\/posts\/287693","targetHints":{"allow":["GET"]}}],"collection":[{"href":"https:\/\/diariodominicano.com\/index.php?rest_route=\/wp\/v2\/posts"}],"about":[{"href":"https:\/\/diariodominicano.com\/index.php?rest_route=\/wp\/v2\/types\/post"}],"author":[{"embeddable":true,"href":"https:\/\/diariodominicano.com\/index.php?rest_route=\/wp\/v2\/users\/5"}],"replies":[{"embeddable":true,"href":"https:\/\/diariodominicano.com\/index.php?rest_route=%2Fwp%2Fv2%2Fcomments&post=287693"}],"version-history":[{"count":1,"href":"https:\/\/diariodominicano.com\/index.php?rest_route=\/wp\/v2\/posts\/287693\/revisions"}],"predecessor-version":[{"id":287695,"href":"https:\/\/diariodominicano.com\/index.php?rest_route=\/wp\/v2\/posts\/287693\/revisions\/287695"}],"wp:featuredmedia":[{"embeddable":true,"href":"https:\/\/diariodominicano.com\/index.php?rest_route=\/wp\/v2\/media\/287694"}],"wp:attachment":[{"href":"https:\/\/diariodominicano.com\/index.php?rest_route=%2Fwp%2Fv2%2Fmedia&parent=287693"}],"wp:term":[{"taxonomy":"category","embeddable":true,"href":"https:\/\/diariodominicano.com\/index.php?rest_route=%2Fwp%2Fv2%2Fcategories&post=287693"},{"taxonomy":"post_tag","embeddable":true,"href":"https:\/\/diariodominicano.com\/index.php?rest_route=%2Fwp%2Fv2%2Ftags&post=287693"}],"curies":[{"name":"wp","href":"https:\/\/api.w.org\/{rel}","templated":true}]}}