{"id":287687,"date":"2021-07-18T23:22:03","date_gmt":"2021-07-19T03:22:03","guid":{"rendered":"http:\/\/diariodominicano.com\/?p=287687"},"modified":"2021-07-18T23:22:03","modified_gmt":"2021-07-19T03:22:03","slug":"cancelan-mas-de-300-vuelos-en-portugal-por-huelga-en-aeropuertos","status":"publish","type":"post","link":"https:\/\/diariodominicano.com\/?p=287687","title":{"rendered":"Cancelan m\u00e1s de 300 vuelos en Portugal por huelga en aeropuertos"},"content":{"rendered":"\n<p>diariodominicano.com<a rel=\"noreferrer noopener\" href=\"http:\/\/home.xinhua-news.com\/gdsdetailxhs\/share\/9678941-?pageflag=iframe\" target=\"_blank\"><\/a><\/p>\n\n\n\n<pre id=\"text-news-description\" class=\"wp-block-preformatted\">   LISBOA, 18 jul (Xinhua) -- La huelga de empleados de Groundforce, una compa\u00f1\u00eda de manejo en tierra, caus\u00f3 hoy la cancelaci\u00f3n de 327 vuelos en Portugal, indic\u00f3 la fuente oficial de ANA, compa\u00f1\u00eda que gestiona los aeropuertos portugueses.\n   De las 511 llegadas y partidas programadas para hoy, 301 fueron canceladas en el aeropuerto de Lisboa y otros 26 vuelos fueron cancelados en el aeropuerto de Oporto.\n   \"Debido a la huelga del servicio de manejo\", indic\u00f3 ANA en una declaraci\u00f3n, \"solicitamos a los pasajeros con vuelos cancelados no viajar al aeropuerto de Lisboa y a buscar informaci\u00f3n por otros canales, digitales y por tel\u00e9fono\".\n   S\u00f3lo las aerol\u00edneas de bajo costo que utilizan la terminal 2 del aeropuerto de Lisboa mantuvieron su operaci\u00f3n regular debido a que son atendidas por otras compa\u00f1\u00edas de manejo.\n   La huelga de Groundforce inici\u00f3 el s\u00e1bado con la cancelaci\u00f3n de 260 vuelos en los dos principales aeropuertos portugueses ese d\u00eda. Otro paro est\u00e1 programado entre el 29 de julio y el 2 de agosto.\n   La huelga fue convocada por el Sindicato de T\u00e9cnicos de Manejo en Aeropuertos (STHA), en protesta por la \"inestabilidad insostenible en cuanto al pago oportuno de salarios y otros componentes pecuniarios\" que los trabajadores de Groundforce enfrentan desde febrero de 2021.\n   Groundforce es 50,1 por ciento propiedad de Grupo Pasogal y 49,9 por ciento de grupo TAP, el cual pas\u00f3 a control del Estado portugu\u00e9s en 2020.\n   Groundforce acus\u00f3 a TAP de una deuda de 12 millones de euros (14,17 millones de d\u00f3lares) por servicios ya proporcionados, pero TAP indic\u00f3 que no tiene atrasos con Groundforce. <\/pre>\n","protected":false},"excerpt":{"rendered":"<p>diariodominicano.com LISBOA, 18 jul (Xinhua) &#8212; La huelga de empleados de Groundforce, una compa\u00f1\u00eda de manejo en tierra, caus\u00f3 hoy la cancelaci\u00f3n de 327 vuelos en Portugal, indic\u00f3 la fuente oficial de ANA, compa\u00f1\u00eda que gestiona los aeropuertos portugueses. De las 511 llegadas y partidas programadas para hoy, 301 fueron canceladas en el aeropuerto de [&hellip;]<\/p>\n","protected":false},"author":5,"featured_media":287688,"comment_status":"closed","ping_status":"","sticky":true,"template":"","format":"standard","meta":{"footnotes":""},"categories":[23,27],"tags":[],"class_list":["post-287687","post","type-post","status-publish","format-standard","has-post-thumbnail","hentry","category-internacional","category-portada"],"_links":{"self":[{"href":"https:\/\/diariodominicano.com\/index.php?rest_route=\/wp\/v2\/posts\/287687","targetHints":{"allow":["GET"]}}],"collection":[{"href":"https:\/\/diariodominicano.com\/index.php?rest_route=\/wp\/v2\/posts"}],"about":[{"href":"https:\/\/diariodominicano.com\/index.php?rest_route=\/wp\/v2\/types\/post"}],"author":[{"embeddable":true,"href":"https:\/\/diariodominicano.com\/index.php?rest_route=\/wp\/v2\/users\/5"}],"replies":[{"embeddable":true,"href":"https:\/\/diariodominicano.com\/index.php?rest_route=%2Fwp%2Fv2%2Fcomments&post=287687"}],"version-history":[{"count":1,"href":"https:\/\/diariodominicano.com\/index.php?rest_route=\/wp\/v2\/posts\/287687\/revisions"}],"predecessor-version":[{"id":287689,"href":"https:\/\/diariodominicano.com\/index.php?rest_route=\/wp\/v2\/posts\/287687\/revisions\/287689"}],"wp:featuredmedia":[{"embeddable":true,"href":"https:\/\/diariodominicano.com\/index.php?rest_route=\/wp\/v2\/media\/287688"}],"wp:attachment":[{"href":"https:\/\/diariodominicano.com\/index.php?rest_route=%2Fwp%2Fv2%2Fmedia&parent=287687"}],"wp:term":[{"taxonomy":"category","embeddable":true,"href":"https:\/\/diariodominicano.com\/index.php?rest_route=%2Fwp%2Fv2%2Fcategories&post=287687"},{"taxonomy":"post_tag","embeddable":true,"href":"https:\/\/diariodominicano.com\/index.php?rest_route=%2Fwp%2Fv2%2Ftags&post=287687"}],"curies":[{"name":"wp","href":"https:\/\/api.w.org\/{rel}","templated":true}]}}