{"id":287680,"date":"2021-07-18T22:55:58","date_gmt":"2021-07-19T02:55:58","guid":{"rendered":"http:\/\/diariodominicano.com\/?p=287680"},"modified":"2021-07-18T22:55:58","modified_gmt":"2021-07-19T02:55:58","slug":"mas-de-700-venezolanos-regresaron-a-su-pais-a-traves-del-plan-vuelta-a-la-patria-desde-trinidad-y-tobago","status":"publish","type":"post","link":"https:\/\/diariodominicano.com\/?p=287680","title":{"rendered":"M\u00e1s de 700 venezolanos regresaron a su pa\u00eds a trav\u00e9s del Plan Vuelta a la Patria desde Trinidad y Tobago"},"content":{"rendered":"\n<h3 class=\"wp-block-heading\">diariodominicano.com<a rel=\"noreferrer noopener\" href=\"http:\/\/home.xinhua-news.com\/gdsdetailxhs\/share\/9679148-?pageflag=iframe\" target=\"_blank\"><\/a><\/h3>\n\n\n\n<pre id=\"text-news-description\" class=\"wp-block-preformatted\">   CARACAS, 18 jul (Xinhua) -- M\u00e1s de 700 personas llegaron este domingo a Venezuela, provenientes de Trinidad y Tobago, a trav\u00e9s del plan Vuelta a la Patria, esta vez por v\u00eda mar\u00edtima, inform\u00f3 el canciller de la naci\u00f3n, Jorge Arreaza.\n   \"En este d\u00eda de reencuentro en familia, m\u00e1s de 700 compatriotas regresan a sus hogares gracias al #PlanVueltaALaPatria, desde Trinidad y Tobago, por v\u00eda mar\u00edtima\", public\u00f3 Arreaza a trav\u00e9s de Twitter.\n   Se trata de la primera vez que el programa de repatriaci\u00f3n se realiza por v\u00eda mar\u00edtima, pues se hab\u00eda establecido un puente a\u00e9reo y terrestre para el retorno de los migrantes venezolanos.\n   El Plan Vuelta a la Patria fue creado por el presidente venezolano, Nicol\u00e1s Maduro, con el fin de apoyar el regreso voluntario de los venezolanos que han salido del pa\u00eds por diversos motivos. <\/pre>\n","protected":false},"excerpt":{"rendered":"<p>diariodominicano.com CARACAS, 18 jul (Xinhua) &#8212; M\u00e1s de 700 personas llegaron este domingo a Venezuela, provenientes de Trinidad y Tobago, a trav\u00e9s del plan Vuelta a la Patria, esta vez por v\u00eda mar\u00edtima, inform\u00f3 el canciller de la naci\u00f3n, Jorge Arreaza. \u00abEn este d\u00eda de reencuentro en familia, m\u00e1s de 700 compatriotas regresan a sus [&hellip;]<\/p>\n","protected":false},"author":5,"featured_media":287682,"comment_status":"closed","ping_status":"","sticky":true,"template":"","format":"standard","meta":{"footnotes":""},"categories":[23,27],"tags":[],"class_list":["post-287680","post","type-post","status-publish","format-standard","has-post-thumbnail","hentry","category-internacional","category-portada"],"_links":{"self":[{"href":"https:\/\/diariodominicano.com\/index.php?rest_route=\/wp\/v2\/posts\/287680","targetHints":{"allow":["GET"]}}],"collection":[{"href":"https:\/\/diariodominicano.com\/index.php?rest_route=\/wp\/v2\/posts"}],"about":[{"href":"https:\/\/diariodominicano.com\/index.php?rest_route=\/wp\/v2\/types\/post"}],"author":[{"embeddable":true,"href":"https:\/\/diariodominicano.com\/index.php?rest_route=\/wp\/v2\/users\/5"}],"replies":[{"embeddable":true,"href":"https:\/\/diariodominicano.com\/index.php?rest_route=%2Fwp%2Fv2%2Fcomments&post=287680"}],"version-history":[{"count":1,"href":"https:\/\/diariodominicano.com\/index.php?rest_route=\/wp\/v2\/posts\/287680\/revisions"}],"predecessor-version":[{"id":287683,"href":"https:\/\/diariodominicano.com\/index.php?rest_route=\/wp\/v2\/posts\/287680\/revisions\/287683"}],"wp:featuredmedia":[{"embeddable":true,"href":"https:\/\/diariodominicano.com\/index.php?rest_route=\/wp\/v2\/media\/287682"}],"wp:attachment":[{"href":"https:\/\/diariodominicano.com\/index.php?rest_route=%2Fwp%2Fv2%2Fmedia&parent=287680"}],"wp:term":[{"taxonomy":"category","embeddable":true,"href":"https:\/\/diariodominicano.com\/index.php?rest_route=%2Fwp%2Fv2%2Fcategories&post=287680"},{"taxonomy":"post_tag","embeddable":true,"href":"https:\/\/diariodominicano.com\/index.php?rest_route=%2Fwp%2Fv2%2Ftags&post=287680"}],"curies":[{"name":"wp","href":"https:\/\/api.w.org\/{rel}","templated":true}]}}