{"id":287647,"date":"2021-07-19T02:22:40","date_gmt":"2021-07-19T06:22:40","guid":{"rendered":"http:\/\/diariodominicano.com\/?p=287647"},"modified":"2021-07-19T02:42:03","modified_gmt":"2021-07-19T06:42:03","slug":"inauguran-plaza-quisqueya-en-el-alto-manhattan","status":"publish","type":"post","link":"https:\/\/diariodominicano.com\/?p=287647","title":{"rendered":"Inauguran Plaza Quisqueya en el Alto Manhattan"},"content":{"rendered":"\n<p><strong>Por Ram\u00f3n Mercedes<\/strong><\/p>\n\n\n\n<p><strong>NUEVA YORK.-<\/strong>&nbsp;Con la asistencia de oficiales electos, pol\u00edticos, profesionales, empresarios, comunitarios, ciudadanos comunes dominicanos y otras etnias fue inaugurada este s\u00e1bado la \u201cPlaza Quisqueya\u201d para el disfrute y beneficio de los residentes en el Alto Manhattan.<\/p>\n\n\n\n<p>El concejal por el distrito 10, Ydanis Rodr\u00edguez, que cubre los vecindarios de Washington Heights e Inwood y propulsor para que la misma se instalar\u00e1 y llevara ese nombre, manifest\u00f3: \u201cHa costado mucho levantar esta plaza que hoy inauguramos, pero con el apoyo de todos los sectores, funcionarios electos y l\u00edderes de la comunidad lo hemos logrado\u201d.<\/p>\n\n\n\n<p>A\u00f1adi\u00f3: \u201cHoy se est\u00e1 convirtiendo esta \u00e1rea en un destino de NYC, tenemos sectores identificados como la \u201cPeque\u00f1a Italia\u201d, China-Town\u201d, y lugares de otros grupos. <\/p>\n\n\n\n<p>De los 65 millones de personas que visitan como turista anualmente esta ciudad vamos a traer guaguas repletas de ellos aqu\u00ed tambi\u00e9n, para que nos vean como personas trabajadoras, a saborear nuestra comida, escuchar nuestra bachata y merengue, eso ser\u00e1 \u201cPlaza Quisqueya\u201d un destino, un lugar que nos une a nosotros\u201d, precis\u00f3.<\/p>\n\n\n\n<p>\u201cInvit\u00f3 a todos los residentes de Inwood y Washington Heights a disfrutar tambi\u00e9n del parque verde que tenemos aqu\u00ed al lado, inscribi\u00e9ndose, porque es de todos\u201d, concluy\u00f3 el concejal.<\/p>\n\n\n\n<p>Por su parte el congresista Adriano Espaillat agradeci\u00f3 a los presentes asistir a la inauguraci\u00f3n y resalt\u00f3 la importancia de la \u201cPlaza\u201d.<\/p>\n\n\n\n<p>Asimismo, la asamble\u00edsta Carmen de la Rosa, segura ganadora como concejal en las elecciones del pr\u00f3ximo del 3 de noviembre ya que es apoyada por el congresista Espaillat y el concejal Rodr\u00edguez, dijo que cuando sea electa continuar\u00e1 el legado de Ydanis y se preocupar\u00e1 para que \u201cPlaza Quisqueya\u201d mantenga su esplendor como s\u00edmbolo de la dominicanidad.<\/p>\n\n\n\n<p>Tambi\u00e9n hablaron en el acto la presidente del condado de Manhattan, Gale Brewer; el presidente de la Federaci\u00f3n Hispana, Luis Miranda; las empresarias Susana Osorio y Sandra J\u00e1quez, quienes son directivas de la instituci\u00f3n que dirigir\u00e1 la mencionada \u201cPlaza\u201d; y Henry Garrido, actual Director Ejecutivo del sindicato DC-37.<\/p>\n\n\n\n<p>Asimismo, Isidro Medina, presidente del Distrito de Desarrollo de Negocios (BID); el doctor Ram\u00f3n Tallaj, director de la entidad medica SOMOS; Y los comisionados de la ciudad,<\/p>\n\n\n\n<p>Roberto P\u00e9rez de Asuntos Comunitarios, Raquel Batista de inmigraci\u00f3n; y Jonnel Dorris de Los peque\u00f1os negocios.<\/p>\n\n\n\n<p>Las \u201cPlaza\u201d, con banderas de todos los pa\u00edses como s\u00edmbolo de unidad, est\u00e1 ubicada en la calle Dyckman, entre las avenidas Seaman y Broadway. Ser\u00e1 permanente para dar paso a una serie de actividades gratuitas como clases de yoga, nutrici\u00f3n, artes y manualidades, entre otras cosas.<\/p>\n\n\n\n<p>Los residentes podr\u00e1n disfrutar de lunes a viernes de 8:00 de la ma\u00f1ana a 5:00 de la tarde, para que los ciudadanos tengan un lugar donde compartir socialmente y los ni\u00f1os puedan divertirse.<\/p>\n\n\n\n<p>Luego, los restaurantes podr\u00e1n utilizar el espacio al finalizar el horario a la 5:00 de la tarde, se inform\u00f3 <\/p>\n\n\n\n<figure class=\"wp-block-embed is-type-video is-provider-youtube wp-block-embed-youtube wp-embed-aspect-16-9 wp-has-aspect-ratio\"><div class=\"wp-block-embed__wrapper\">\n<iframe loading=\"lazy\" title=\"Inauguran Plaza Quisqueya en el Alto Manhattan\" width=\"616\" height=\"347\" src=\"https:\/\/www.youtube.com\/embed\/QhiIeFc9RKQ?feature=oembed\" frameborder=\"0\" allow=\"accelerometer; autoplay; clipboard-write; encrypted-media; gyroscope; picture-in-picture; web-share\" referrerpolicy=\"strict-origin-when-cross-origin\" allowfullscreen><\/iframe>\n<\/div><\/figure>\n\n\n\n<p><\/p>\n","protected":false},"excerpt":{"rendered":"<p>Por Ram\u00f3n Mercedes NUEVA YORK.-&nbsp;Con la asistencia de oficiales electos, pol\u00edticos, profesionales, empresarios, comunitarios, ciudadanos comunes dominicanos y otras etnias fue inaugurada este s\u00e1bado la \u201cPlaza Quisqueya\u201d para el disfrute y beneficio de los residentes en el Alto Manhattan. El concejal por el distrito 10, Ydanis Rodr\u00edguez, que cubre los vecindarios de Washington Heights e [&hellip;]<\/p>\n","protected":false},"author":7,"featured_media":287706,"comment_status":"closed","ping_status":"","sticky":true,"template":"","format":"standard","meta":{"footnotes":""},"categories":[23,27],"tags":[],"class_list":["post-287647","post","type-post","status-publish","format-standard","has-post-thumbnail","hentry","category-internacional","category-portada"],"_links":{"self":[{"href":"https:\/\/diariodominicano.com\/index.php?rest_route=\/wp\/v2\/posts\/287647","targetHints":{"allow":["GET"]}}],"collection":[{"href":"https:\/\/diariodominicano.com\/index.php?rest_route=\/wp\/v2\/posts"}],"about":[{"href":"https:\/\/diariodominicano.com\/index.php?rest_route=\/wp\/v2\/types\/post"}],"author":[{"embeddable":true,"href":"https:\/\/diariodominicano.com\/index.php?rest_route=\/wp\/v2\/users\/7"}],"replies":[{"embeddable":true,"href":"https:\/\/diariodominicano.com\/index.php?rest_route=%2Fwp%2Fv2%2Fcomments&post=287647"}],"version-history":[{"count":3,"href":"https:\/\/diariodominicano.com\/index.php?rest_route=\/wp\/v2\/posts\/287647\/revisions"}],"predecessor-version":[{"id":287728,"href":"https:\/\/diariodominicano.com\/index.php?rest_route=\/wp\/v2\/posts\/287647\/revisions\/287728"}],"wp:featuredmedia":[{"embeddable":true,"href":"https:\/\/diariodominicano.com\/index.php?rest_route=\/wp\/v2\/media\/287706"}],"wp:attachment":[{"href":"https:\/\/diariodominicano.com\/index.php?rest_route=%2Fwp%2Fv2%2Fmedia&parent=287647"}],"wp:term":[{"taxonomy":"category","embeddable":true,"href":"https:\/\/diariodominicano.com\/index.php?rest_route=%2Fwp%2Fv2%2Fcategories&post=287647"},{"taxonomy":"post_tag","embeddable":true,"href":"https:\/\/diariodominicano.com\/index.php?rest_route=%2Fwp%2Fv2%2Ftags&post=287647"}],"curies":[{"name":"wp","href":"https:\/\/api.w.org\/{rel}","templated":true}]}}