{"id":287543,"date":"2021-07-18T13:05:29","date_gmt":"2021-07-18T17:05:29","guid":{"rendered":"http:\/\/diariodominicano.com\/?p=287543"},"modified":"2021-07-18T13:05:29","modified_gmt":"2021-07-18T17:05:29","slug":"bolsonaro-recibe-alta-luego-de-cinco-dias-de-hospitalizacion-por-obstruccion-intestinal","status":"publish","type":"post","link":"https:\/\/diariodominicano.com\/?p=287543","title":{"rendered":"Bolsonaro recibe alta luego de cinco d\u00edas de hospitalizaci\u00f3n por obstrucci\u00f3n intestinal"},"content":{"rendered":"\n<p>diariodominicano.com<a rel=\"noreferrer noopener\" href=\"http:\/\/home.xinhua-news.com\/gdsdetailxhs\/share\/9678563-?pageflag=iframe\" target=\"_blank\"><\/a><\/p>\n\n\n\n<pre id=\"text-news-description\" class=\"wp-block-preformatted\">   SAO PAULO, 18 jul (Xinhua) -- El presidente de Brasil, Jair Bolsonaro, fue dado de alta hoy domingo luego de haber sido internado por cinco d\u00edas a ra\u00edz de una obstrucci\u00f3n intestinal que le hab\u00eda causado dolores estomacales y una crisis de hipo, inform\u00f3 el hospital privado Vila Nova Star de la ciudad de Sao Paulo (sureste).\n   El mandatario, de 66 a\u00f1os, \"tuvo alta\" luego de haber sido hospitalizado el mi\u00e9rcoles pasado para \"tratar un cuadro de suboclusi\u00f3n intestinal\", y \"seguir\u00e1 con acompa\u00f1amiento ambulatorio por el equipo m\u00e9dico asistente\", indic\u00f3 el informe m\u00e9dico.\n   Bolsonaro atribuy\u00f3 su hospitalizaci\u00f3n a los problemas vinculados al atentado con un cuchillo en el est\u00f3mago recibido en septiembre de 2018 durante la campa\u00f1a electoral que lo llev\u00f3 a la presidencia.\n   \"Sent\u00eda un fuego en el est\u00f3mago, con crisis de hipo. La obstrucci\u00f3n intestinal es com\u00fan en quien ya sufri\u00f3 cirug\u00edas en el est\u00f3mago como yo, despu\u00e9s del cuchillazo\", dijo Bolsonaro a los periodistas en la puerta del hospital.\n   Bolsonaro ingres\u00f3 en la madrugada del mi\u00e9rcoles en el Hospital de las Fuerzas Armadas de Brasilia, tras lo cual sus m\u00e9dicos decidieron llevarlo a Sao Paulo, donde se decidi\u00f3 excluir una cirug\u00eda y optar por un tratamiento cl\u00ednico. <\/pre>\n","protected":false},"excerpt":{"rendered":"<p>diariodominicano.com SAO PAULO, 18 jul (Xinhua) &#8212; El presidente de Brasil, Jair Bolsonaro, fue dado de alta hoy domingo luego de haber sido internado por cinco d\u00edas a ra\u00edz de una obstrucci\u00f3n intestinal que le hab\u00eda causado dolores estomacales y una crisis de hipo, inform\u00f3 el hospital privado Vila Nova Star de la ciudad de [&hellip;]<\/p>\n","protected":false},"author":5,"featured_media":287544,"comment_status":"closed","ping_status":"","sticky":true,"template":"","format":"standard","meta":{"footnotes":""},"categories":[23,27],"tags":[],"class_list":["post-287543","post","type-post","status-publish","format-standard","has-post-thumbnail","hentry","category-internacional","category-portada"],"_links":{"self":[{"href":"https:\/\/diariodominicano.com\/index.php?rest_route=\/wp\/v2\/posts\/287543","targetHints":{"allow":["GET"]}}],"collection":[{"href":"https:\/\/diariodominicano.com\/index.php?rest_route=\/wp\/v2\/posts"}],"about":[{"href":"https:\/\/diariodominicano.com\/index.php?rest_route=\/wp\/v2\/types\/post"}],"author":[{"embeddable":true,"href":"https:\/\/diariodominicano.com\/index.php?rest_route=\/wp\/v2\/users\/5"}],"replies":[{"embeddable":true,"href":"https:\/\/diariodominicano.com\/index.php?rest_route=%2Fwp%2Fv2%2Fcomments&post=287543"}],"version-history":[{"count":1,"href":"https:\/\/diariodominicano.com\/index.php?rest_route=\/wp\/v2\/posts\/287543\/revisions"}],"predecessor-version":[{"id":287545,"href":"https:\/\/diariodominicano.com\/index.php?rest_route=\/wp\/v2\/posts\/287543\/revisions\/287545"}],"wp:featuredmedia":[{"embeddable":true,"href":"https:\/\/diariodominicano.com\/index.php?rest_route=\/wp\/v2\/media\/287544"}],"wp:attachment":[{"href":"https:\/\/diariodominicano.com\/index.php?rest_route=%2Fwp%2Fv2%2Fmedia&parent=287543"}],"wp:term":[{"taxonomy":"category","embeddable":true,"href":"https:\/\/diariodominicano.com\/index.php?rest_route=%2Fwp%2Fv2%2Fcategories&post=287543"},{"taxonomy":"post_tag","embeddable":true,"href":"https:\/\/diariodominicano.com\/index.php?rest_route=%2Fwp%2Fv2%2Ftags&post=287543"}],"curies":[{"name":"wp","href":"https:\/\/api.w.org\/{rel}","templated":true}]}}