{"id":287434,"date":"2021-07-17T22:27:04","date_gmt":"2021-07-18T02:27:04","guid":{"rendered":"http:\/\/diariodominicano.com\/?p=287434"},"modified":"2021-07-17T22:27:04","modified_gmt":"2021-07-18T02:27:04","slug":"piden-formar-gobierno-a-primer-ministro-designado-por-el-asesinado-presidente-haitiano-moise","status":"publish","type":"post","link":"https:\/\/diariodominicano.com\/?p=287434","title":{"rendered":"Piden formar Gobierno a primer ministro designado por el asesinado presidente haitiano Moise"},"content":{"rendered":"\n<p>diariodominicano.com<a rel=\"noreferrer noopener\" href=\"http:\/\/home.xinhua-news.com\/gdsdetailxhs\/share\/9675860-?pageflag=iframe\" target=\"_blank\"><\/a><\/p>\n\n\n\n<pre id=\"text-news-description\" class=\"wp-block-preformatted\">   SANTO DOMINGO, 17 jul (Xinhua) -- Representantes de la ONU y la OEA en Hait\u00ed, as\u00ed como un grupo de embajadores extranjeros que forman el denominador Core Group exhortaron este s\u00e1bado al primer ministro designado por el asesinado presidente Jovenel Moise, Ariel Henry, a formar Gobierno.\n   Con este llamado, las legaciones diplom\u00e1ticas de Alemania, Brasil, Canad\u00e1, Espa\u00f1a, Estados Unidos, Francia y la Uni\u00f3n Europea estar\u00edan dando la espalda al primer ministro interino Claude Joseph, quien ha estado al frente del Gobierno desde que fue acribillado Moise.\n   De acuerdo a medios internacionales, en el comunicado el Core Group pide la formaci\u00f3n de un Gobierno consensuado e inclusivo.\n   Ariel Henry fue nombrado primer ministro en un decreto firmado por Moise el 5 de julio, pero no lleg\u00f3 a ser investido en el cargo antes del magnicidio, ocurrido dos d\u00edas despu\u00e9s, y desde entonces se ha mantenido en el poder el primer ministro interino, Claude Joseph, quien inicialmente recibi\u00f3 respaldo internacional.\n   El comunicado tambi\u00e9n expresa el deseo de los miembros del Core Group de que todos los actores pol\u00edticos, econ\u00f3micos y de la sociedad civil del pa\u00eds apoyen plenamente a las autoridades en la organizaci\u00f3n de elecciones \"libres, justas, transparentes y cre\u00edbles lo antes posible\" y en el restablecimiento de la seguridad.\n   Recientemente una delegaci\u00f3n de representantes de los departamentos de Justicia, Seguridad Nacional y de Estado y del Consejo Nacional de Seguridad de Estados Unidos viaj\u00f3 a Hait\u00ed, donde se reuni\u00f3 con distintos sectores y actores de la vida nacional.<\/pre>\n","protected":false},"excerpt":{"rendered":"<p>diariodominicano.com SANTO DOMINGO, 17 jul (Xinhua) &#8212; Representantes de la ONU y la OEA en Hait\u00ed, as\u00ed como un grupo de embajadores extranjeros que forman el denominador Core Group exhortaron este s\u00e1bado al primer ministro designado por el asesinado presidente Jovenel Moise, Ariel Henry, a formar Gobierno. Con este llamado, las legaciones diplom\u00e1ticas de Alemania, [&hellip;]<\/p>\n","protected":false},"author":5,"featured_media":287435,"comment_status":"closed","ping_status":"","sticky":true,"template":"","format":"standard","meta":{"footnotes":""},"categories":[23,27],"tags":[],"class_list":["post-287434","post","type-post","status-publish","format-standard","has-post-thumbnail","hentry","category-internacional","category-portada"],"_links":{"self":[{"href":"https:\/\/diariodominicano.com\/index.php?rest_route=\/wp\/v2\/posts\/287434","targetHints":{"allow":["GET"]}}],"collection":[{"href":"https:\/\/diariodominicano.com\/index.php?rest_route=\/wp\/v2\/posts"}],"about":[{"href":"https:\/\/diariodominicano.com\/index.php?rest_route=\/wp\/v2\/types\/post"}],"author":[{"embeddable":true,"href":"https:\/\/diariodominicano.com\/index.php?rest_route=\/wp\/v2\/users\/5"}],"replies":[{"embeddable":true,"href":"https:\/\/diariodominicano.com\/index.php?rest_route=%2Fwp%2Fv2%2Fcomments&post=287434"}],"version-history":[{"count":1,"href":"https:\/\/diariodominicano.com\/index.php?rest_route=\/wp\/v2\/posts\/287434\/revisions"}],"predecessor-version":[{"id":287436,"href":"https:\/\/diariodominicano.com\/index.php?rest_route=\/wp\/v2\/posts\/287434\/revisions\/287436"}],"wp:featuredmedia":[{"embeddable":true,"href":"https:\/\/diariodominicano.com\/index.php?rest_route=\/wp\/v2\/media\/287435"}],"wp:attachment":[{"href":"https:\/\/diariodominicano.com\/index.php?rest_route=%2Fwp%2Fv2%2Fmedia&parent=287434"}],"wp:term":[{"taxonomy":"category","embeddable":true,"href":"https:\/\/diariodominicano.com\/index.php?rest_route=%2Fwp%2Fv2%2Fcategories&post=287434"},{"taxonomy":"post_tag","embeddable":true,"href":"https:\/\/diariodominicano.com\/index.php?rest_route=%2Fwp%2Fv2%2Ftags&post=287434"}],"curies":[{"name":"wp","href":"https:\/\/api.w.org\/{rel}","templated":true}]}}