{"id":287431,"date":"2021-07-17T22:14:50","date_gmt":"2021-07-18T02:14:50","guid":{"rendered":"http:\/\/diariodominicano.com\/?p=287431"},"modified":"2021-07-17T22:14:50","modified_gmt":"2021-07-18T02:14:50","slug":"udc-inicia-reparto-de-mascarillas-para-frenar-expansion-del-covid-19","status":"publish","type":"post","link":"https:\/\/diariodominicano.com\/?p=287431","title":{"rendered":"UDC inicia reparto de mascarillas para frenar expansi\u00f3n del Covid-19"},"content":{"rendered":"\n<p>diariodominicano.com<\/p>\n\n\n\n<p>Santo Domingo, R. D., 17 de julio, 2021.-  La Uni\u00f3n Dem\u00f3crata Cristiana \u2013UDC- distribuy\u00f3 este fin de semana m\u00e1s de 10 mil mascarillas en diferentes puntos del Distrito Nacional, en el marco de un acuerdo con el Gobierno para ayudar el Gabinete de Salud a combatir la pandemia del coronavirus en todo el territorio dominicano.<\/p>\n\n\n\n<p><br>El operativo fue encabezado por el presidente de la \u2013UDC-, Luis Acosta Moreta \u2013LUIS EL GALLO-, quien explic\u00f3 que el reparto de mascarillas se inici\u00f3 en las paradas de motoconchistas, rutas de concho y autobuses de pasajeros, v\u00edas por donde se movilizan miles de personas cada d\u00eda, constituy\u00e9ndose en eventuales focos de transmisi\u00f3n del peligroso virus.<\/p>\n\n\n\n<p><br>Acosa Moreta, en compa\u00f1\u00eda del secretario general de la UDC, Leonardo Suero; Alberto Ram\u00edrez, secretario de organizaci\u00f3n; Ariel Rosario, secretario de la Juventud del partido; V\u00edctor Silverio, secretario de Asuntos Municipales y otros dirigentes de la organizaci\u00f3n pol\u00edtica, comenzaron la jornada en la parada de motoconcho que opera frente al edificio Teleantillas.\u00a0<\/p>\n\n\n\n<p><br>El operativo prosigui\u00f3 por el sector Los Praditos, la ruta de choferes que abarca desde la John Kennedy hasta el Centro de Los H\u00e9roes, Los Jardines del Norte, Villas Agr\u00edcolas y otros lugares de alta concentraci\u00f3n de personas.<\/p>\n\n\n\n<p><br>El presidente de la Rep\u00fablica, Luis Abinader, acord\u00f3 con un grupo de dirigentes pol\u00edticos que la militancia de sus organizaciones se sumaran al plan nacional de vacunaci\u00f3n \u201cVac\u00fanate RD\u201d, para hacer m\u00e1s eficiente la lucha contra la pandemia del Covid-19, siendo la \u2013UDC- uno de los primeros partidos en desarrollar este tipo de jornada.\u00a0<br><\/p>\n\n\n\n<p>Luis El Gallo afirm\u00f3 que a partir de este momento decenas de brigadas de la \u2013UDC- seguir\u00e1n distribuyendo mascarillas por todo el territorio nacional, con la finalidad de ayudar el Gobierno a eliminar el coronavirus, alegando que por encima de las diferencias pol\u00edticas est\u00e1 la salud del pueblo dominicano.<\/p>\n\n\n\n<p><\/p>\n\n\n\n<p>Fuente:  <strong>Andrys Rosario<\/strong><\/p>\n","protected":false},"excerpt":{"rendered":"<p>diariodominicano.com Santo Domingo, R. D., 17 de julio, 2021.- La Uni\u00f3n Dem\u00f3crata Cristiana \u2013UDC- distribuy\u00f3 este fin de semana m\u00e1s de 10 mil mascarillas en diferentes puntos del Distrito Nacional, en el marco de un acuerdo con el Gobierno para ayudar el Gabinete de Salud a combatir la pandemia del coronavirus en todo el territorio [&hellip;]<\/p>\n","protected":false},"author":5,"featured_media":287432,"comment_status":"closed","ping_status":"","sticky":true,"template":"","format":"standard","meta":{"footnotes":""},"categories":[22,27],"tags":[],"class_list":["post-287431","post","type-post","status-publish","format-standard","has-post-thumbnail","hentry","category-politica","category-portada"],"_links":{"self":[{"href":"https:\/\/diariodominicano.com\/index.php?rest_route=\/wp\/v2\/posts\/287431","targetHints":{"allow":["GET"]}}],"collection":[{"href":"https:\/\/diariodominicano.com\/index.php?rest_route=\/wp\/v2\/posts"}],"about":[{"href":"https:\/\/diariodominicano.com\/index.php?rest_route=\/wp\/v2\/types\/post"}],"author":[{"embeddable":true,"href":"https:\/\/diariodominicano.com\/index.php?rest_route=\/wp\/v2\/users\/5"}],"replies":[{"embeddable":true,"href":"https:\/\/diariodominicano.com\/index.php?rest_route=%2Fwp%2Fv2%2Fcomments&post=287431"}],"version-history":[{"count":1,"href":"https:\/\/diariodominicano.com\/index.php?rest_route=\/wp\/v2\/posts\/287431\/revisions"}],"predecessor-version":[{"id":287433,"href":"https:\/\/diariodominicano.com\/index.php?rest_route=\/wp\/v2\/posts\/287431\/revisions\/287433"}],"wp:featuredmedia":[{"embeddable":true,"href":"https:\/\/diariodominicano.com\/index.php?rest_route=\/wp\/v2\/media\/287432"}],"wp:attachment":[{"href":"https:\/\/diariodominicano.com\/index.php?rest_route=%2Fwp%2Fv2%2Fmedia&parent=287431"}],"wp:term":[{"taxonomy":"category","embeddable":true,"href":"https:\/\/diariodominicano.com\/index.php?rest_route=%2Fwp%2Fv2%2Fcategories&post=287431"},{"taxonomy":"post_tag","embeddable":true,"href":"https:\/\/diariodominicano.com\/index.php?rest_route=%2Fwp%2Fv2%2Ftags&post=287431"}],"curies":[{"name":"wp","href":"https:\/\/api.w.org\/{rel}","templated":true}]}}