{"id":287425,"date":"2021-07-17T21:52:08","date_gmt":"2021-07-18T01:52:08","guid":{"rendered":"http:\/\/diariodominicano.com\/?p=287425"},"modified":"2021-07-17T21:52:08","modified_gmt":"2021-07-18T01:52:08","slug":"primera-dama-regresa-por-primera-vez-a-haiti-tras-magnicidio","status":"publish","type":"post","link":"https:\/\/diariodominicano.com\/?p=287425","title":{"rendered":"Primera dama regresa por primera vez a Hait\u00ed tras magnicidio"},"content":{"rendered":"\n<p>diariodominicano.com<\/p>\n\n\n\n<p>Puerto Pr\u00edncipe, 17 jul (Prensa Latina) La primera dama de Hait\u00ed Martine Ethienne, herida durante el magnicidio contra el presidente Jovenel Mo\u00efse, regres\u00f3 hoy al pa\u00eds, como parte de los preparativos del funeral nacional.<br>La viuda baj\u00f3 las escalerillas del avi\u00f3n vestida de negro, un chaleco de seguridad y un cabestrillo en su brazo derecho.<\/p>\n\n\n\n<p>El primer ministro en funciones Claude Jospeh, junto a otros funcionarios gubernamentales, recibieron a Ethienne en el aeropuerto internacional Toussaint Louverture, tras su recuperaci\u00f3n en un hospital de Miami, Estados Unidos.<\/p>\n\n\n\n<p>La v\u00edspera al anunciar que los funerales nacionales se realizar\u00e1n el viernes, Joseph confirm\u00f3 que la primera dama asistir\u00eda a las honras f\u00fanebres, y la comitiva que organiza las exequias contaba con su anuencia.<\/p>\n\n\n\n<p>El ataque a la casa presidencial ocurri\u00f3 durante la madrugada del 7 de julio, presuntamente por un comando armado integrado por 26 colombianos y dos estadounidenses de origen haitiano.<\/p>\n\n\n\n<p>La Polic\u00eda arrest\u00f3 a 18 suramericanos y cinco estadounidenses nacidos en Hait\u00ed, mientras otros seis contin\u00faan a la fuga y tres murieron en los enfrentamientos con las fuerzas del orden.<\/p>\n\n\n\n<p>Martine no hizo declaraciones p\u00fablicas tras el magnicidio aunque en su primer mensaje tras los sucesos apunt\u00f3 a un comando de mercenarios y pidi\u00f3 la unidad del pa\u00eds.<\/p>\n\n\n\n<p>&#8216;Todav\u00eda no creo que mi marido se haya ido as\u00ed ante mis ojos sin decirme una \u00faltima palabra, este dolor nunca pasar\u00e1&#8217;, escribi\u00f3 en su cuenta en la red social Twitter el pasado mi\u00e9rcoles.<\/p>\n\n\n\n<p>ocs\/ane<\/p>\n","protected":false},"excerpt":{"rendered":"<p>diariodominicano.com Puerto Pr\u00edncipe, 17 jul (Prensa Latina) La primera dama de Hait\u00ed Martine Ethienne, herida durante el magnicidio contra el presidente Jovenel Mo\u00efse, regres\u00f3 hoy al pa\u00eds, como parte de los preparativos del funeral nacional.La viuda baj\u00f3 las escalerillas del avi\u00f3n vestida de negro, un chaleco de seguridad y un cabestrillo en su brazo derecho. [&hellip;]<\/p>\n","protected":false},"author":5,"featured_media":287426,"comment_status":"closed","ping_status":"","sticky":true,"template":"","format":"standard","meta":{"footnotes":""},"categories":[23,27],"tags":[],"class_list":["post-287425","post","type-post","status-publish","format-standard","has-post-thumbnail","hentry","category-internacional","category-portada"],"_links":{"self":[{"href":"https:\/\/diariodominicano.com\/index.php?rest_route=\/wp\/v2\/posts\/287425","targetHints":{"allow":["GET"]}}],"collection":[{"href":"https:\/\/diariodominicano.com\/index.php?rest_route=\/wp\/v2\/posts"}],"about":[{"href":"https:\/\/diariodominicano.com\/index.php?rest_route=\/wp\/v2\/types\/post"}],"author":[{"embeddable":true,"href":"https:\/\/diariodominicano.com\/index.php?rest_route=\/wp\/v2\/users\/5"}],"replies":[{"embeddable":true,"href":"https:\/\/diariodominicano.com\/index.php?rest_route=%2Fwp%2Fv2%2Fcomments&post=287425"}],"version-history":[{"count":1,"href":"https:\/\/diariodominicano.com\/index.php?rest_route=\/wp\/v2\/posts\/287425\/revisions"}],"predecessor-version":[{"id":287427,"href":"https:\/\/diariodominicano.com\/index.php?rest_route=\/wp\/v2\/posts\/287425\/revisions\/287427"}],"wp:featuredmedia":[{"embeddable":true,"href":"https:\/\/diariodominicano.com\/index.php?rest_route=\/wp\/v2\/media\/287426"}],"wp:attachment":[{"href":"https:\/\/diariodominicano.com\/index.php?rest_route=%2Fwp%2Fv2%2Fmedia&parent=287425"}],"wp:term":[{"taxonomy":"category","embeddable":true,"href":"https:\/\/diariodominicano.com\/index.php?rest_route=%2Fwp%2Fv2%2Fcategories&post=287425"},{"taxonomy":"post_tag","embeddable":true,"href":"https:\/\/diariodominicano.com\/index.php?rest_route=%2Fwp%2Fv2%2Ftags&post=287425"}],"curies":[{"name":"wp","href":"https:\/\/api.w.org\/{rel}","templated":true}]}}