{"id":287407,"date":"2021-07-17T17:16:40","date_gmt":"2021-07-17T21:16:40","guid":{"rendered":"http:\/\/diariodominicano.com\/?p=287407"},"modified":"2021-07-18T00:54:15","modified_gmt":"2021-07-18T04:54:15","slug":"primera-dama-conmemora-dia-mundial-de-las-habilidades-de-la-juventud","status":"publish","type":"post","link":"https:\/\/diariodominicano.com\/?p=287407","title":{"rendered":"Primera dama conmemora D\u00eda Mundial de las Habilidades de la Juventud"},"content":{"rendered":"\n<p><em>Raquel Arbaje exhort\u00f3 a los j\u00f3venes a no permitir que las circunstancias dicten su futuro.<\/em><\/p>\n\n\n\n<p>Santo Domingo. La primera dama Raquel Arbaje conmemor\u00f3 el D\u00eda Mundial de las Habilidades de la Juventud reuni\u00e9ndose con Jos\u00e9 Ram\u00f3n Valdez, primer estudiante dominicano egresado de una escuela p\u00fablica que obtiene una beca en la universidad de Harvard.<\/p>\n\n\n\n<p>Durante el encuentro, en que el joven estuvo acompa\u00f1ado de su padre Jos\u00e9 Ram\u00f3n Valdez, su madre Jacqueline Genao y su hermana Dorkys Valdez, la primera dama exhort\u00f3 a los j\u00f3venes a no permitir que las circunstancias dicten su futuro.<\/p>\n\n\n\n<div class=\"wp-block-jetpack-slideshow aligncenter\" data-effect=\"slide\"><div class=\"wp-block-jetpack-slideshow_container swiper-container\"><ul class=\"wp-block-jetpack-slideshow_swiper-wrapper swiper-wrapper\"><li class=\"wp-block-jetpack-slideshow_slide swiper-slide\"><figure><img loading=\"lazy\" decoding=\"async\" width=\"1177\" height=\"664\" alt=\"\" class=\"wp-block-jetpack-slideshow_image wp-image-287415\" data-id=\"287415\" src=\"https:\/\/diariodominicano.com\/wp-content\/uploads\/2021\/07\/image-26.png\" srcset=\"https:\/\/diariodominicano.com\/wp-content\/uploads\/2021\/07\/image-26.png 1177w, https:\/\/diariodominicano.com\/wp-content\/uploads\/2021\/07\/image-26-300x169.png 300w, https:\/\/diariodominicano.com\/wp-content\/uploads\/2021\/07\/image-26-1024x578.png 1024w, https:\/\/diariodominicano.com\/wp-content\/uploads\/2021\/07\/image-26-768x433.png 768w, https:\/\/diariodominicano.com\/wp-content\/uploads\/2021\/07\/image-26-816x460.png 816w\" sizes=\"auto, (max-width: 1177px) 100vw, 1177px\" \/><\/figure><\/li><li class=\"wp-block-jetpack-slideshow_slide swiper-slide\"><figure><img loading=\"lazy\" decoding=\"async\" width=\"1175\" height=\"711\" alt=\"\" class=\"wp-block-jetpack-slideshow_image wp-image-287414\" data-id=\"287414\" src=\"https:\/\/diariodominicano.com\/wp-content\/uploads\/2021\/07\/image-25.png\" srcset=\"https:\/\/diariodominicano.com\/wp-content\/uploads\/2021\/07\/image-25.png 1175w, https:\/\/diariodominicano.com\/wp-content\/uploads\/2021\/07\/image-25-300x182.png 300w, https:\/\/diariodominicano.com\/wp-content\/uploads\/2021\/07\/image-25-1024x620.png 1024w, https:\/\/diariodominicano.com\/wp-content\/uploads\/2021\/07\/image-25-768x465.png 768w, https:\/\/diariodominicano.com\/wp-content\/uploads\/2021\/07\/image-25-816x494.png 816w\" sizes=\"auto, (max-width: 1175px) 100vw, 1175px\" \/><\/figure><\/li><li class=\"wp-block-jetpack-slideshow_slide swiper-slide\"><figure><img loading=\"lazy\" decoding=\"async\" width=\"1153\" height=\"673\" alt=\"\" class=\"wp-block-jetpack-slideshow_image wp-image-287413\" data-id=\"287413\" src=\"https:\/\/diariodominicano.com\/wp-content\/uploads\/2021\/07\/image-24.png\" srcset=\"https:\/\/diariodominicano.com\/wp-content\/uploads\/2021\/07\/image-24.png 1153w, https:\/\/diariodominicano.com\/wp-content\/uploads\/2021\/07\/image-24-300x175.png 300w, https:\/\/diariodominicano.com\/wp-content\/uploads\/2021\/07\/image-24-1024x598.png 1024w, https:\/\/diariodominicano.com\/wp-content\/uploads\/2021\/07\/image-24-768x448.png 768w, https:\/\/diariodominicano.com\/wp-content\/uploads\/2021\/07\/image-24-816x476.png 816w\" sizes=\"auto, (max-width: 1153px) 100vw, 1153px\" \/><\/figure><\/li><li class=\"wp-block-jetpack-slideshow_slide swiper-slide\"><figure><img loading=\"lazy\" decoding=\"async\" width=\"1176\" height=\"683\" alt=\"\" class=\"wp-block-jetpack-slideshow_image wp-image-287412\" data-id=\"287412\" src=\"https:\/\/diariodominicano.com\/wp-content\/uploads\/2021\/07\/image-23.png\" srcset=\"https:\/\/diariodominicano.com\/wp-content\/uploads\/2021\/07\/image-23.png 1176w, https:\/\/diariodominicano.com\/wp-content\/uploads\/2021\/07\/image-23-300x174.png 300w, https:\/\/diariodominicano.com\/wp-content\/uploads\/2021\/07\/image-23-1024x595.png 1024w, https:\/\/diariodominicano.com\/wp-content\/uploads\/2021\/07\/image-23-768x446.png 768w, https:\/\/diariodominicano.com\/wp-content\/uploads\/2021\/07\/image-23-816x474.png 816w\" sizes=\"auto, (max-width: 1176px) 100vw, 1176px\" \/><\/figure><\/li><li class=\"wp-block-jetpack-slideshow_slide swiper-slide\"><figure><img loading=\"lazy\" decoding=\"async\" width=\"1166\" height=\"617\" alt=\"\" class=\"wp-block-jetpack-slideshow_image wp-image-287411\" data-id=\"287411\" src=\"https:\/\/diariodominicano.com\/wp-content\/uploads\/2021\/07\/image-19.png\" srcset=\"https:\/\/diariodominicano.com\/wp-content\/uploads\/2021\/07\/image-19.png 1166w, https:\/\/diariodominicano.com\/wp-content\/uploads\/2021\/07\/image-19-300x159.png 300w, https:\/\/diariodominicano.com\/wp-content\/uploads\/2021\/07\/image-19-1024x542.png 1024w, https:\/\/diariodominicano.com\/wp-content\/uploads\/2021\/07\/image-19-768x406.png 768w, https:\/\/diariodominicano.com\/wp-content\/uploads\/2021\/07\/image-19-816x432.png 816w\" sizes=\"auto, (max-width: 1166px) 100vw, 1166px\" \/><\/figure><\/li><\/ul><a class=\"wp-block-jetpack-slideshow_button-prev swiper-button-prev swiper-button-white\" role=\"button\"><\/a><a class=\"wp-block-jetpack-slideshow_button-next swiper-button-next swiper-button-white\" role=\"button\"><\/a><a aria-label=\"Pause Slideshow\" class=\"wp-block-jetpack-slideshow_button-pause\" role=\"button\"><\/a><div class=\"wp-block-jetpack-slideshow_pagination swiper-pagination swiper-pagination-white\"><\/div><\/div><\/div>\n\n\n\n<p>\u201cAdelante, j\u00f3venes, sean fuertes, decididos y, como he dicho en otras ocasiones, agarren el toro por los cuernos para alcanzar sus sue\u00f1os\u201d, sostuvo Arbaje tras escuchar los esfuerzos realizados por Jos\u00e9 Ram\u00f3n Valdez para conseguir su beca.<\/p>\n\n\n\n<p>El joven, graduado de la escuela Nuestra Se\u00f1ora del Perpetuo Socorro, explic\u00f3 que a finales del 2020 aplic\u00f3 a 21 universidades extranjeras, de las cuales lo rechazaron en 15. Sin embargo, el apoyo de su familia fue fundamental para continuar hasta que fue aceptado en Harvard, en donde estudiar\u00e1 Ciencias Pol\u00edticas.&nbsp;<\/p>\n\n\n\n<p>Bajo su iniciativa <a rel=\"noreferrer noopener\" href=\"https:\/\/www.instagram.com\/explore\/tags\/uniendovoluntades\/\" target=\"_blank\">#UniendoVoluntades<\/a>, la primera dama logr\u00f3 canalizar con ayuda del Ministerio Administrativo de la Presidencia (MAPRE) todos los gastos no cubiertos por la beca y entreg\u00f3 a Jos\u00e9 Ram\u00f3n una moderna laptop facilitada por la Embajada de Israel en el pa\u00eds. <\/p>\n\n\n\n<figure class=\"wp-block-embed is-type-video is-provider-youtube wp-block-embed-youtube wp-embed-aspect-16-9 wp-has-aspect-ratio\"><div class=\"wp-block-embed__wrapper\">\nhttps:\/\/youtu.be\/CHbNRqzBpW0\n<\/div><\/figure>\n\n\n\n<p><\/p>\n","protected":false},"excerpt":{"rendered":"<p>Raquel Arbaje exhort\u00f3 a los j\u00f3venes a no permitir que las circunstancias dicten su futuro. Santo Domingo. La primera dama Raquel Arbaje conmemor\u00f3 el D\u00eda Mundial de las Habilidades de la Juventud reuni\u00e9ndose con Jos\u00e9 Ram\u00f3n Valdez, primer estudiante dominicano egresado de una escuela p\u00fablica que obtiene una beca en la universidad de Harvard. Durante [&hellip;]<\/p>\n","protected":false},"author":7,"featured_media":287415,"comment_status":"closed","ping_status":"","sticky":true,"template":"","format":"standard","meta":{"footnotes":""},"categories":[20,27],"tags":[],"class_list":["post-287407","post","type-post","status-publish","format-standard","has-post-thumbnail","hentry","category-dominicana-hoy","category-portada"],"_links":{"self":[{"href":"https:\/\/diariodominicano.com\/index.php?rest_route=\/wp\/v2\/posts\/287407","targetHints":{"allow":["GET"]}}],"collection":[{"href":"https:\/\/diariodominicano.com\/index.php?rest_route=\/wp\/v2\/posts"}],"about":[{"href":"https:\/\/diariodominicano.com\/index.php?rest_route=\/wp\/v2\/types\/post"}],"author":[{"embeddable":true,"href":"https:\/\/diariodominicano.com\/index.php?rest_route=\/wp\/v2\/users\/7"}],"replies":[{"embeddable":true,"href":"https:\/\/diariodominicano.com\/index.php?rest_route=%2Fwp%2Fv2%2Fcomments&post=287407"}],"version-history":[{"count":3,"href":"https:\/\/diariodominicano.com\/index.php?rest_route=\/wp\/v2\/posts\/287407\/revisions"}],"predecessor-version":[{"id":287519,"href":"https:\/\/diariodominicano.com\/index.php?rest_route=\/wp\/v2\/posts\/287407\/revisions\/287519"}],"wp:featuredmedia":[{"embeddable":true,"href":"https:\/\/diariodominicano.com\/index.php?rest_route=\/wp\/v2\/media\/287415"}],"wp:attachment":[{"href":"https:\/\/diariodominicano.com\/index.php?rest_route=%2Fwp%2Fv2%2Fmedia&parent=287407"}],"wp:term":[{"taxonomy":"category","embeddable":true,"href":"https:\/\/diariodominicano.com\/index.php?rest_route=%2Fwp%2Fv2%2Fcategories&post=287407"},{"taxonomy":"post_tag","embeddable":true,"href":"https:\/\/diariodominicano.com\/index.php?rest_route=%2Fwp%2Fv2%2Ftags&post=287407"}],"curies":[{"name":"wp","href":"https:\/\/api.w.org\/{rel}","templated":true}]}}