{"id":287318,"date":"2021-07-16T23:26:16","date_gmt":"2021-07-17T03:26:16","guid":{"rendered":"http:\/\/diariodominicano.com\/?p=287318"},"modified":"2021-07-16T23:28:10","modified_gmt":"2021-07-17T03:28:10","slug":"jugadores-afiliados-a-mlb-se-siguen-reportando-a-equipo-rd","status":"publish","type":"post","link":"https:\/\/diariodominicano.com\/?p=287318","title":{"rendered":"Jugadores afiliados a MLB se siguen reportando a equipo RD"},"content":{"rendered":"\n<p><strong>CLEARWATER, Florida.-<\/strong>&nbsp;La selecci\u00f3n nacional de la Rep\u00fablica Dominicana contin\u00faa recibiendo integraciones de jugadores afiliados a equipos de las Mayores, en su concentraci\u00f3n de cara al b\u00e9isbol de los Juegos Ol\u00edmpicos de Tokio.<\/p>\n\n\n\n<p>Este viernes se incorporaron el jardinero Johan Mieses, el infielder Jeison Guzm\u00e1n y los relevistas Junior Garc\u00eda y Luis Felipe Castillo, adem\u00e1s del receptor Roldani Baldwin. Tambi\u00e9n patrullero el agente libre Melky Cabrera dijo presente en el entrenamiento.<\/p>\n\n\n\n<p>Ellos se unieron a Emilio Bonifacio, Jos\u00e9 Bautista, Diego Goris, Yefri P\u00e9rez, Jairo Asencio, Jhan Mar\u00ed\u00f1ez, Gustavo N\u00fa\u00f1ez, Denyi Reyes, Erick Mej\u00eda y Charlie Valerio. Tambi\u00e9n han estado practicando Leuris G\u00f3mez, Rom\u00e1n M\u00e9ndez y Eduardo De \u00d3leo, aunque en calidad de reservas.<\/p>\n\n\n\n<figure class=\"wp-block-image size-large is-style-default\"><img loading=\"lazy\" decoding=\"async\" width=\"1024\" height=\"594\" src=\"https:\/\/diariodominicano.com\/wp-content\/uploads\/2021\/07\/image-15-1024x594.png\" alt=\"\" class=\"wp-image-287323\" srcset=\"https:\/\/diariodominicano.com\/wp-content\/uploads\/2021\/07\/image-15-1024x594.png 1024w, https:\/\/diariodominicano.com\/wp-content\/uploads\/2021\/07\/image-15-300x174.png 300w, https:\/\/diariodominicano.com\/wp-content\/uploads\/2021\/07\/image-15-768x445.png 768w, https:\/\/diariodominicano.com\/wp-content\/uploads\/2021\/07\/image-15-816x473.png 816w, https:\/\/diariodominicano.com\/wp-content\/uploads\/2021\/07\/image-15.png 1043w\" sizes=\"auto, (max-width: 1024px) 100vw, 1024px\" \/><\/figure>\n\n\n\n<p>Las pr\u00e1cticas se celebran en el Jack Russell Memorial Stadium, instalaci\u00f3n que del 1955 al 2003 fue la sede primaveral de los Filis de Filadelfia.<\/p>\n\n\n\n<p>Para este fin de semana se espera que se reporten el zurdo Dar\u00edo \u00c1lvarez y el derecho Jumbo D\u00edaz, quienes han estado participando en la Liga Mexicana de B\u00e9isbol.<\/p>\n\n\n\n<p>Tambi\u00e9n se integrar\u00e1n en las pr\u00f3ximas horas el inicialista Juan Francisco, el patrullero Julio Y. Rodr\u00edguez y el pitcher zurdo Ra\u00fal Vald\u00e9s. Los lanzadores \u00c1ngel S\u00e1nchez y Christopher Cris\u00f3stomos se unir\u00e1n al equipo en Tokio.<\/p>\n\n\n\n<p>Asimismo, el dirigente H\u00e9ctor Borg, ya recuperado del COVID-19, estar\u00e1 llegando el domingo a la concentraci\u00f3n para de inmediato unirse a los trabajos del equipo tricolor.<\/p>\n\n\n\n<figure class=\"wp-block-image size-large is-style-default\"><img loading=\"lazy\" decoding=\"async\" width=\"1024\" height=\"705\" src=\"https:\/\/diariodominicano.com\/wp-content\/uploads\/2021\/07\/image-16-1024x705.png\" alt=\"\" class=\"wp-image-287324\" srcset=\"https:\/\/diariodominicano.com\/wp-content\/uploads\/2021\/07\/image-16-1024x705.png 1024w, https:\/\/diariodominicano.com\/wp-content\/uploads\/2021\/07\/image-16-300x206.png 300w, https:\/\/diariodominicano.com\/wp-content\/uploads\/2021\/07\/image-16-768x528.png 768w, https:\/\/diariodominicano.com\/wp-content\/uploads\/2021\/07\/image-16-816x561.png 816w, https:\/\/diariodominicano.com\/wp-content\/uploads\/2021\/07\/image-16.png 1045w\" sizes=\"auto, (max-width: 1024px) 100vw, 1024px\" \/><\/figure>\n\n\n\n<p>Este mi\u00e9rcoles 21 ser\u00e1 el viaje de la selecci\u00f3n criolla hacia Tokio, donde del 28 de julio al 7 de agosto disputar\u00e1n el torneo de b\u00e9isbol de la m\u00e1xima cita deportiva. M\u00e9xico, Jap\u00f3n, Estados Unidos, Corea del Sur e Israel tambi\u00e9n estar\u00e1n participando en el evento que se jugar\u00e1 en el Yokohama Stadium y en el Fukushima Azuma Stadium <\/p>\n","protected":false},"excerpt":{"rendered":"<p>CLEARWATER, Florida.-&nbsp;La selecci\u00f3n nacional de la Rep\u00fablica Dominicana contin\u00faa recibiendo integraciones de jugadores afiliados a equipos de las Mayores, en su concentraci\u00f3n de cara al b\u00e9isbol de los Juegos Ol\u00edmpicos de Tokio. Este viernes se incorporaron el jardinero Johan Mieses, el infielder Jeison Guzm\u00e1n y los relevistas Junior Garc\u00eda y Luis Felipe Castillo, adem\u00e1s del [&hellip;]<\/p>\n","protected":false},"author":7,"featured_media":287322,"comment_status":"closed","ping_status":"","sticky":true,"template":"","format":"standard","meta":{"footnotes":""},"categories":[17,27],"tags":[],"class_list":["post-287318","post","type-post","status-publish","format-standard","has-post-thumbnail","hentry","category-deportes","category-portada"],"_links":{"self":[{"href":"https:\/\/diariodominicano.com\/index.php?rest_route=\/wp\/v2\/posts\/287318","targetHints":{"allow":["GET"]}}],"collection":[{"href":"https:\/\/diariodominicano.com\/index.php?rest_route=\/wp\/v2\/posts"}],"about":[{"href":"https:\/\/diariodominicano.com\/index.php?rest_route=\/wp\/v2\/types\/post"}],"author":[{"embeddable":true,"href":"https:\/\/diariodominicano.com\/index.php?rest_route=\/wp\/v2\/users\/7"}],"replies":[{"embeddable":true,"href":"https:\/\/diariodominicano.com\/index.php?rest_route=%2Fwp%2Fv2%2Fcomments&post=287318"}],"version-history":[{"count":2,"href":"https:\/\/diariodominicano.com\/index.php?rest_route=\/wp\/v2\/posts\/287318\/revisions"}],"predecessor-version":[{"id":287327,"href":"https:\/\/diariodominicano.com\/index.php?rest_route=\/wp\/v2\/posts\/287318\/revisions\/287327"}],"wp:featuredmedia":[{"embeddable":true,"href":"https:\/\/diariodominicano.com\/index.php?rest_route=\/wp\/v2\/media\/287322"}],"wp:attachment":[{"href":"https:\/\/diariodominicano.com\/index.php?rest_route=%2Fwp%2Fv2%2Fmedia&parent=287318"}],"wp:term":[{"taxonomy":"category","embeddable":true,"href":"https:\/\/diariodominicano.com\/index.php?rest_route=%2Fwp%2Fv2%2Fcategories&post=287318"},{"taxonomy":"post_tag","embeddable":true,"href":"https:\/\/diariodominicano.com\/index.php?rest_route=%2Fwp%2Fv2%2Ftags&post=287318"}],"curies":[{"name":"wp","href":"https:\/\/api.w.org\/{rel}","templated":true}]}}