{"id":287173,"date":"2021-07-16T02:47:22","date_gmt":"2021-07-16T06:47:22","guid":{"rendered":"http:\/\/diariodominicano.com\/?p=287173"},"modified":"2021-07-16T02:47:22","modified_gmt":"2021-07-16T06:47:22","slug":"despierta-interes-entre-comerciantes-dominicanos-ny-celebracion-proxima-feria-productos-rd","status":"publish","type":"post","link":"https:\/\/diariodominicano.com\/?p=287173","title":{"rendered":"Despierta inter\u00e9s entre comerciantes dominicanos NY celebraci\u00f3n pr\u00f3xima \u201cFeria Productos RD\u201d"},"content":{"rendered":"\n<p><strong>Por Ram\u00f3n Mercedes<\/strong><\/p>\n\n\n\n<p><strong>NUEVA YORK.-<\/strong>&nbsp;La celebraci\u00f3n de la \u201cFeria de Productos de RD\u201d que efectuar\u00e1 pr\u00f3ximamente la C\u00e1mara de Comercio Dominicana en USA, en El Bronx, ha despertado inter\u00e9s entre due\u00f1os de supermercados, comerciantes, bodegueros, y ciudadanos comunes quisqueyanos en la Gran Manzana.<\/p>\n\n\n\n<p>Los directivos de la \u201cFeria\u201d, Elida Almonte, presidente de la entidad; Luciano V\u00e1squez vicepresidente; Francisco Marte, secretario general, Manuel Peralta, tesorero; y Samuel S\u00e1nchez, director del consejo ejecutivo; aseguran haber recibido la confirmaci\u00f3n de decenas de hombres de negocios de Manhattan, El Bronx, Brooklyn, Queens, Staten Island y Yonkers, entre otros lugares.<\/p>\n\n\n\n<p>\u201cDominican Taste Festival 2021\u201d, ser\u00e1 dedicada a la provincia de La Altagracia y las autoridades de all\u00ed est\u00e1n preparando una gran exhibici\u00f3n de todo lo que los representa como pueblo.<\/p>\n\n\n\n<p>La misma, ser\u00e1 en honor al ingeniero Dar\u00edo Yun\u00e9s, por su trayectoria y aportes al desarrollo de Hig\u00fcey, adem\u00e1s por su contribuci\u00f3n a la cultura culinaria criolla a trav\u00e9s del festival de la yuca.<\/p>\n\n\n\n<p>Asimismo, la entidad celebrar\u00e1 el pr\u00f3ximo lunes 19 una rueda de prensa, a partir de las 6:00 de la tarde, en el restaurant \u201cCasa del Mar Seafood\u201d, ubicado en el 1779 de la avenida Webster, en El Bronx.<\/p>\n\n\n\n<p>Luego, el jueves 22, de 7:00 a 11:00 PM, una cena de gala en el exclusivo local \u201cMaestro\u2019s Caterers Banquet Hall\u201d, ubicado en el 1703 de la avenida Bronxdale, en el mencionado condado.<\/p>\n\n\n\n<p>Y los d\u00edas 24 y 25 ser\u00e1 la celebraci\u00f3n de la \u201cFeria\u201d en el parque Claremont, ubicado en la avenida Tremont con la avenida Arthur. Para mayor informaci\u00f3n (646) 326-6052<\/p>\n","protected":false},"excerpt":{"rendered":"<p>Por Ram\u00f3n Mercedes NUEVA YORK.-&nbsp;La celebraci\u00f3n de la \u201cFeria de Productos de RD\u201d que efectuar\u00e1 pr\u00f3ximamente la C\u00e1mara de Comercio Dominicana en USA, en El Bronx, ha despertado inter\u00e9s entre due\u00f1os de supermercados, comerciantes, bodegueros, y ciudadanos comunes quisqueyanos en la Gran Manzana. Los directivos de la \u201cFeria\u201d, Elida Almonte, presidente de la entidad; Luciano [&hellip;]<\/p>\n","protected":false},"author":7,"featured_media":287180,"comment_status":"closed","ping_status":"","sticky":true,"template":"","format":"standard","meta":{"footnotes":""},"categories":[23,27],"tags":[],"class_list":["post-287173","post","type-post","status-publish","format-standard","has-post-thumbnail","hentry","category-internacional","category-portada"],"_links":{"self":[{"href":"https:\/\/diariodominicano.com\/index.php?rest_route=\/wp\/v2\/posts\/287173","targetHints":{"allow":["GET"]}}],"collection":[{"href":"https:\/\/diariodominicano.com\/index.php?rest_route=\/wp\/v2\/posts"}],"about":[{"href":"https:\/\/diariodominicano.com\/index.php?rest_route=\/wp\/v2\/types\/post"}],"author":[{"embeddable":true,"href":"https:\/\/diariodominicano.com\/index.php?rest_route=\/wp\/v2\/users\/7"}],"replies":[{"embeddable":true,"href":"https:\/\/diariodominicano.com\/index.php?rest_route=%2Fwp%2Fv2%2Fcomments&post=287173"}],"version-history":[{"count":1,"href":"https:\/\/diariodominicano.com\/index.php?rest_route=\/wp\/v2\/posts\/287173\/revisions"}],"predecessor-version":[{"id":287187,"href":"https:\/\/diariodominicano.com\/index.php?rest_route=\/wp\/v2\/posts\/287173\/revisions\/287187"}],"wp:featuredmedia":[{"embeddable":true,"href":"https:\/\/diariodominicano.com\/index.php?rest_route=\/wp\/v2\/media\/287180"}],"wp:attachment":[{"href":"https:\/\/diariodominicano.com\/index.php?rest_route=%2Fwp%2Fv2%2Fmedia&parent=287173"}],"wp:term":[{"taxonomy":"category","embeddable":true,"href":"https:\/\/diariodominicano.com\/index.php?rest_route=%2Fwp%2Fv2%2Fcategories&post=287173"},{"taxonomy":"post_tag","embeddable":true,"href":"https:\/\/diariodominicano.com\/index.php?rest_route=%2Fwp%2Fv2%2Ftags&post=287173"}],"curies":[{"name":"wp","href":"https:\/\/api.w.org\/{rel}","templated":true}]}}