{"id":287169,"date":"2021-07-16T02:28:03","date_gmt":"2021-07-16T06:28:03","guid":{"rendered":"http:\/\/diariodominicano.com\/?p=287169"},"modified":"2021-07-16T02:45:39","modified_gmt":"2021-07-16T06:45:39","slug":"comunidad-alto-manhattan-se-beneficiara-de-nueva-plaza-quisqueya","status":"publish","type":"post","link":"https:\/\/diariodominicano.com\/?p=287169","title":{"rendered":"Comunidad Alto Manhattan se beneficiar\u00e1 de nueva \u201cPlaza Quisqueya\u201d"},"content":{"rendered":"\n<p><strong>Por Ram\u00f3n Mercedes<\/strong><\/p>\n\n\n\n<p><strong>NUEVA YORK.-<\/strong>&nbsp;El concejal Ydanis Rodr\u00edguez por el distrito 10 que cubre los vecindarios de Washington Heights e Inwood en el Alto Manhattan, manifest\u00f3 que con la inauguraci\u00f3n este s\u00e1bado de la \u201cPlaza Quisqueya\u201d se beneficiar\u00e1n miles de residentes, principalmente dominicanos, en dichos vecindarios.<\/p>\n\n\n\n<p>Rodr\u00edguez, presidente del Comit\u00e9 de Transporte del Concejo Municipal, y propulsor para que la Plaza llevara ese nombre, se abri\u00f3 el pasado a\u00f1o bajo el programa \u201cCalles Abiertas\u201d para ofrecer espacios libres a sus residentes encerrados por la pandemia del Covid-19<\/p>\n\n\n\n<p>La misma estar\u00e1 ubicada permanentemente en la calle Dyckman, entre las avenidas Seaman y Broadway, especific\u00f3 el oficial electo.<\/p>\n\n\n\n<p>Expres\u00f3 que \u201csu visi\u00f3n es hacer de NYC un modelo a seguir, que la ciudad sea m\u00e1s accesible para peatones y ciclistas\u201d, indic\u00f3.<\/p>\n\n\n\n<p>El esfuerzo por consolidar esta plaza est\u00e1 motivado por la celebraci\u00f3n de la cultura dominicana y dejarles a nuestros j\u00f3venes un lugar que sea un destino donde ellos puedan venir hacer parte de la celebraci\u00f3n de los aportes que los quisqueyanos ofrecen y han ofrecido a la sociedad estadounidense, subray\u00f3 el concejal.<\/p>\n\n\n\n<p>Rodr\u00edguez, a\u00f1adi\u00f3 que seguir\u00e1 trabajando en esta iniciativa y en otras, junto a los oficiales electos dominicanos Adriano Espaillat, Carmen de la Rosa, Pierina S\u00e1nchez, y Shaun Abreu, entre otros.<\/p>\n\n\n\n<p>La Plaza ser\u00e1 permanente para dar paso a una serie de actividades gratuitas como clases de yoga, nutrici\u00f3n, artes y manualidades, entre otras cosas.<\/p>\n\n\n\n<p>Los residentes podr\u00e1n disfrutar de lunes a viernes de 8:00 de la ma\u00f1ana a 5:00 de la tarde, para que los ciudadanos tengan un lugar donde compartir socialmente y los ni\u00f1os puedan divertirse, precis\u00f3 Rodr\u00edguez.<\/p>\n\n\n\n<p>Luego los restaurantes podr\u00e1n utilizar el espacio al finalizar el horario a la 5:00 de la tarde. Esta Plaza deber\u00eda servir como modelo sobre c\u00f3mo crear espacios abiertos m\u00e1s permanentes en la Gran Manzana, dijo el concejal.<\/p>\n","protected":false},"excerpt":{"rendered":"<p>Por Ram\u00f3n Mercedes NUEVA YORK.-&nbsp;El concejal Ydanis Rodr\u00edguez por el distrito 10 que cubre los vecindarios de Washington Heights e Inwood en el Alto Manhattan, manifest\u00f3 que con la inauguraci\u00f3n este s\u00e1bado de la \u201cPlaza Quisqueya\u201d se beneficiar\u00e1n miles de residentes, principalmente dominicanos, en dichos vecindarios. Rodr\u00edguez, presidente del Comit\u00e9 de Transporte del Concejo Municipal, [&hellip;]<\/p>\n","protected":false},"author":7,"featured_media":287181,"comment_status":"closed","ping_status":"","sticky":true,"template":"","format":"standard","meta":{"footnotes":""},"categories":[23,27],"tags":[],"class_list":["post-287169","post","type-post","status-publish","format-standard","has-post-thumbnail","hentry","category-internacional","category-portada"],"_links":{"self":[{"href":"https:\/\/diariodominicano.com\/index.php?rest_route=\/wp\/v2\/posts\/287169","targetHints":{"allow":["GET"]}}],"collection":[{"href":"https:\/\/diariodominicano.com\/index.php?rest_route=\/wp\/v2\/posts"}],"about":[{"href":"https:\/\/diariodominicano.com\/index.php?rest_route=\/wp\/v2\/types\/post"}],"author":[{"embeddable":true,"href":"https:\/\/diariodominicano.com\/index.php?rest_route=\/wp\/v2\/users\/7"}],"replies":[{"embeddable":true,"href":"https:\/\/diariodominicano.com\/index.php?rest_route=%2Fwp%2Fv2%2Fcomments&post=287169"}],"version-history":[{"count":1,"href":"https:\/\/diariodominicano.com\/index.php?rest_route=\/wp\/v2\/posts\/287169\/revisions"}],"predecessor-version":[{"id":287175,"href":"https:\/\/diariodominicano.com\/index.php?rest_route=\/wp\/v2\/posts\/287169\/revisions\/287175"}],"wp:featuredmedia":[{"embeddable":true,"href":"https:\/\/diariodominicano.com\/index.php?rest_route=\/wp\/v2\/media\/287181"}],"wp:attachment":[{"href":"https:\/\/diariodominicano.com\/index.php?rest_route=%2Fwp%2Fv2%2Fmedia&parent=287169"}],"wp:term":[{"taxonomy":"category","embeddable":true,"href":"https:\/\/diariodominicano.com\/index.php?rest_route=%2Fwp%2Fv2%2Fcategories&post=287169"},{"taxonomy":"post_tag","embeddable":true,"href":"https:\/\/diariodominicano.com\/index.php?rest_route=%2Fwp%2Fv2%2Ftags&post=287169"}],"curies":[{"name":"wp","href":"https:\/\/api.w.org\/{rel}","templated":true}]}}