{"id":287106,"date":"2021-07-15T20:45:26","date_gmt":"2021-07-16T00:45:26","guid":{"rendered":"http:\/\/diariodominicano.com\/?p=287106"},"modified":"2021-07-15T20:55:29","modified_gmt":"2021-07-16T00:55:29","slug":"incidencia-acumulada-en-espana-supera-los-500-casos-por-cada-100-000-habitantes","status":"publish","type":"post","link":"https:\/\/diariodominicano.com\/?p=287106","title":{"rendered":"Incidencia acumulada en Espa\u00f1a supera los 500 casos por cada 100.000 habitantes"},"content":{"rendered":"\n<h3 class=\"wp-block-heading\">diariodominicano.com<a rel=\"noreferrer noopener\" href=\"http:\/\/home.xinhua-news.com\/gdsdetailxhs\/share\/9667823-?pageflag=iframe\" target=\"_blank\"><\/a><\/h3>\n\n\n\n<pre id=\"text-news-description\" class=\"wp-block-preformatted\">   MADRID, 15 jul (Xinhua) -- La incidencia acumulada de casos de la enfermedad del nuevo coronavirus (COVID-19) en Espa\u00f1a se ubic\u00f3 en 500,75 por cada 100.000 habitantes, la m\u00e1s alta desde febrero pasado, inform\u00f3 hoy jueves el Ministerio de Sanidad.\n    El mi\u00e9rcoles, la incidencia acumulada se situ\u00f3 en 469 casos por cada 100.000 habitantes,\n   En las \u00faltimas 24 horas se registraron en Espa\u00f1a 27.688 contagios y 41 muertes m\u00e1s por la COVID-19, con lo que la cifra total de infectados se situ\u00f3 en 4.069.162 y la de fallecidos en 81.084 desde enero de 2020.\n   Por grupos de edad, el mayor peso de esa incidencia acumulada sigue estando en los j\u00f3venes, ya que en la poblaci\u00f3n de 12 a 19 a\u00f1os la incidencia es de 1.311,73 casos, mientras que para la poblaci\u00f3n de 20 a 29 a\u00f1os es de 1.581,39 casos.\n   En total, el 48,4 por ciento de la poblaci\u00f3n espa\u00f1ola est\u00e1 inmunizada con la dosis completa contra el SARS-CoV-2, el virus causante de la COVID-19, mientras que el 60,6 por ciento del conjunto ha recibido por lo menos una dosis.\n   Espa\u00f1a defendi\u00f3 este jueves ante la Organizaci\u00f3n de las Naciones Unidas (ONU) su \"escudo social\" para hacer frente a la crisis de la COVID-19 y su apuesta por una recuperaci\u00f3n verde y justa, en l\u00ednea con las metas internacionales de desarrollo.\n   La ministra de Derechos Sociales y Agenda 2030, Ione Belarra, dijo que la crisis de la COVID-19 evidenci\u00f3 la necesidad de construir sociedades m\u00e1s justas y que respeten los l\u00edmites del planeta.\n    En el marco de la Agenda 2030, Belarra dirigi\u00f3 la presentaci\u00f3n de Espa\u00f1a del examen voluntario de sus progresos en el gran plan contra la pobreza y para la protecci\u00f3n del medio ambiente pactado por la comunidad internacional y que sustituy\u00f3 a los Objetivos del Milenio.\n   Para la reconstrucci\u00f3n pospandemia, el gobierno espa\u00f1ol consider\u00f3 necesario construir sobre nuevas bases, con la Agenda 2030 como \"hoja de ruta\".\n   Este a\u00f1o 43 pa\u00edses de todo el mundo se someten al examen voluntario de sus progresos en la Agenda 2030, unas revisiones que tienen lugar en el marco del Foro Pol\u00edtico de Alto Nivel de la ONU sobre desarrollo.<\/pre>\n","protected":false},"excerpt":{"rendered":"<p>diariodominicano.com MADRID, 15 jul (Xinhua) &#8212; La incidencia acumulada de casos de la enfermedad del nuevo coronavirus (COVID-19) en Espa\u00f1a se ubic\u00f3 en 500,75 por cada 100.000 habitantes, la m\u00e1s alta desde febrero pasado, inform\u00f3 hoy jueves el Ministerio de Sanidad. El mi\u00e9rcoles, la incidencia acumulada se situ\u00f3 en 469 casos por cada 100.000 habitantes, [&hellip;]<\/p>\n","protected":false},"author":5,"featured_media":287120,"comment_status":"closed","ping_status":"","sticky":true,"template":"","format":"standard","meta":{"footnotes":""},"categories":[23,27],"tags":[],"class_list":["post-287106","post","type-post","status-publish","format-standard","has-post-thumbnail","hentry","category-internacional","category-portada"],"_links":{"self":[{"href":"https:\/\/diariodominicano.com\/index.php?rest_route=\/wp\/v2\/posts\/287106","targetHints":{"allow":["GET"]}}],"collection":[{"href":"https:\/\/diariodominicano.com\/index.php?rest_route=\/wp\/v2\/posts"}],"about":[{"href":"https:\/\/diariodominicano.com\/index.php?rest_route=\/wp\/v2\/types\/post"}],"author":[{"embeddable":true,"href":"https:\/\/diariodominicano.com\/index.php?rest_route=\/wp\/v2\/users\/5"}],"replies":[{"embeddable":true,"href":"https:\/\/diariodominicano.com\/index.php?rest_route=%2Fwp%2Fv2%2Fcomments&post=287106"}],"version-history":[{"count":1,"href":"https:\/\/diariodominicano.com\/index.php?rest_route=\/wp\/v2\/posts\/287106\/revisions"}],"predecessor-version":[{"id":287112,"href":"https:\/\/diariodominicano.com\/index.php?rest_route=\/wp\/v2\/posts\/287106\/revisions\/287112"}],"wp:featuredmedia":[{"embeddable":true,"href":"https:\/\/diariodominicano.com\/index.php?rest_route=\/wp\/v2\/media\/287120"}],"wp:attachment":[{"href":"https:\/\/diariodominicano.com\/index.php?rest_route=%2Fwp%2Fv2%2Fmedia&parent=287106"}],"wp:term":[{"taxonomy":"category","embeddable":true,"href":"https:\/\/diariodominicano.com\/index.php?rest_route=%2Fwp%2Fv2%2Fcategories&post=287106"},{"taxonomy":"post_tag","embeddable":true,"href":"https:\/\/diariodominicano.com\/index.php?rest_route=%2Fwp%2Fv2%2Ftags&post=287106"}],"curies":[{"name":"wp","href":"https:\/\/api.w.org\/{rel}","templated":true}]}}