{"id":287085,"date":"2021-07-16T01:51:21","date_gmt":"2021-07-16T05:51:21","guid":{"rendered":"http:\/\/diariodominicano.com\/?p=287085"},"modified":"2021-07-16T01:51:21","modified_gmt":"2021-07-16T05:51:21","slug":"aes-dominicana-recibe-premio-internacional-por-introducir-almacenamiento-de-energia-a-republica-dominicana","status":"publish","type":"post","link":"https:\/\/diariodominicano.com\/?p=287085","title":{"rendered":"AES Dominicana recibe premio internacional por introducir almacenamiento de energ\u00eda a Rep\u00fablica Dominicana"},"content":{"rendered":"\n<p><strong><em>La innovadora soluci\u00f3n energ\u00e9tica, que recibi\u00f3 Plata en el Premio Innovaci\u00f3n de la Comisi\u00f3n de Integraci\u00f3n Energ\u00e9tica Regional (CIER), brinda estabilidad al Sistema El\u00e9ctrico Nacional Interconectado (SENI) mediante la regulaci\u00f3n de frecuencia.<\/em><\/strong><\/p>\n\n\n\n<p><strong>MONTEVIDEO, Uruguay. <\/strong>AES Dominicana,<strong> <\/strong>ha sido reconocida con el Premio Innovaci\u00f3n de la Comisi\u00f3n de Integraci\u00f3n Energ\u00e9tica Regional (CIER) por su tecnolog\u00eda de almacenamiento de energ\u00eda, ubicada en el complejo energ\u00e9tico de AES Andr\u00e9s, que brinda estabilidad al Sistema El\u00e9ctrico Nacional Interconectado (SENI) mediante la regulaci\u00f3n de frecuencia<\/p>\n\n\n\n<p>AES Andr\u00e9s, establecida en Punta Caucedo con una capacidad de generaci\u00f3n de 319 MW a gas natural, obtuvo Plata en la categor\u00eda Descentralizaci\u00f3n de los galardones de CIER, organizaci\u00f3n de car\u00e1cter internacional regional creada en 1964 que re\u00fane a empresas y organismos del sector energ\u00e9tico de Am\u00e9rica Latina y el Caribe.<\/p>\n\n\n\n<p>Como parte de la premiaci\u00f3n, el innovador desarrollo de AES Dominicana de almacenamiento de energ\u00eda ser\u00e1 presentado en agosto pr\u00f3ximo en un evento t\u00e9cnico regional que se llevar\u00e1 a cabo en Montevideo.<\/p>\n\n\n\n<p>El presidente de AES Dominicana Edwin De los Santos dijo que \u201ceste es un reconocimiento a la visi\u00f3n de vanguardia compartida tanto por el sector privado, como por el regulador del sistema el\u00e9ctrico, que procura un sistema cada vez m\u00e1s resiliente para afrontar el importante crecimiento en generaci\u00f3n de fuente renovable a trav\u00e9s del almacenamiento de energ\u00eda para su posterior utilizaci\u00f3n en estabilidad del suministro\u201d, a la vez de agradecer a la CIER por este importante reconocimiento a su operaci\u00f3n de clase mundial.<\/p>\n\n\n\n<p>El sistema de almacenamiento de energ\u00eda de AES Andr\u00e9s, tiene una capacidad de 10 MW con una autonom\u00eda de regulaci\u00f3n de 30 minutos, est\u00e1 dise\u00f1ado en bloques de 4 n\u00facleos de 2.5MW cada uno. El sistema tiene una potencia en bater\u00edas equivalente aproximadamente al 3% de la capacidad instalada de generaci\u00f3n de AES Andr\u00e9s.<\/p>\n\n\n\n<p>La soluci\u00f3n tecnol\u00f3gica tambi\u00e9n funciona en las unidades de generaci\u00f3n de Dominican Power Partners (DPP) con 10Mw, primera inversi\u00f3n de AES en Rep\u00fablica Dominicana un ciclo combinado de gas natural 324 MW, as\u00ed como en la generadora de Electricidad de Itabo en la cual se desarrolla un proyecto de 7.5MW de almacenamiento de la mano de Fluence.<\/p>\n\n\n\n<p>De los Santos record\u00f3 que el sistema de almacenamiento de energ\u00eda de la empresa \u201cest\u00e1 probado como soluci\u00f3n eficaz en situaciones de riesgo, pues mantuvo la estabilidad de la frecuencia durante los huracanes Irma y Mar\u00eda, evitando un colapso del SENI\u201d.<\/p>\n\n\n\n<p>Por otro lado, el Premio a la Innovaci\u00f3n CIER tambi\u00e9n reconoci\u00f3 a AES El Salvador por los proyectos \u00abEstrategia de Electro-Movilidad de la empresa\u00bb (categor\u00eda plata) e \u00abInteligencia Artificial para recuperaci\u00f3n de energ\u00eda\u00bb (categor\u00eda bronce).<\/p>\n\n\n\n<p>En la premiaci\u00f3n compitieron 15 de los 48 Miembros de CECACIER (cap\u00edtulo regional de la CIER) con un total de 25 proyectos divididos en&nbsp;&nbsp;digitalizaci\u00f3n , con 12 postulaciones; descarbonizaci\u00f3n, 9 y descentralizaci\u00f3n, 4 postulaciones.<\/p>\n\n\n\n<p><strong>Acerca de AES Dominicana <\/strong>&nbsp;<\/p>\n\n\n\n<p>AES Dominicana impulsa el futuro de la energ\u00eda con soluciones a la medida basada en nuevas tecnolog\u00edas, adaptada a las necesidades de los clientes, al desarrollo sostenible y el consumo responsable, acelerando la transici\u00f3n energ\u00e9tica, todos juntos.<\/p>\n\n\n\n<p>Mantiene una gesti\u00f3n colaborativa con la sociedad dominicana y muy especialmente con las comunidades cercanas a sus plantas de producci\u00f3n sobre la base de la confianza y el valor compartido.\u00a0 En 24 a\u00f1os de presencia en el pa\u00eds, ha cultivado la confianza como un activo que cada d\u00eda se fortalece con la entrega diaria de electricidad competitiva al Sistema El\u00e9ctrico Nacional Interconectado (SENI) para servir a las tres distribuidoras de electricidad, con importantes alianzas que refuerzan su visi\u00f3n de largo plazo y un portafolios de inversiones de 1,800 millones de d\u00f3lares, apalancada en una gesti\u00f3n operativa teniendo la seguridad como condici\u00f3n de empleo, donde nuestra gente y las comunidades aleda\u00f1as son lo primero y con un compromiso aut\u00e9ntico con el cuidado al medio ambiente <\/p>\n","protected":false},"excerpt":{"rendered":"<p>La innovadora soluci\u00f3n energ\u00e9tica, que recibi\u00f3 Plata en el Premio Innovaci\u00f3n de la Comisi\u00f3n de Integraci\u00f3n Energ\u00e9tica Regional (CIER), brinda estabilidad al Sistema El\u00e9ctrico Nacional Interconectado (SENI) mediante la regulaci\u00f3n de frecuencia. MONTEVIDEO, Uruguay. AES Dominicana, ha sido reconocida con el Premio Innovaci\u00f3n de la Comisi\u00f3n de Integraci\u00f3n Energ\u00e9tica Regional (CIER) por su tecnolog\u00eda de [&hellip;]<\/p>\n","protected":false},"author":7,"featured_media":0,"comment_status":"closed","ping_status":"","sticky":true,"template":"","format":"standard","meta":{"footnotes":""},"categories":[20,27],"tags":[],"class_list":["post-287085","post","type-post","status-publish","format-standard","hentry","category-dominicana-hoy","category-portada"],"_links":{"self":[{"href":"https:\/\/diariodominicano.com\/index.php?rest_route=\/wp\/v2\/posts\/287085","targetHints":{"allow":["GET"]}}],"collection":[{"href":"https:\/\/diariodominicano.com\/index.php?rest_route=\/wp\/v2\/posts"}],"about":[{"href":"https:\/\/diariodominicano.com\/index.php?rest_route=\/wp\/v2\/types\/post"}],"author":[{"embeddable":true,"href":"https:\/\/diariodominicano.com\/index.php?rest_route=\/wp\/v2\/users\/7"}],"replies":[{"embeddable":true,"href":"https:\/\/diariodominicano.com\/index.php?rest_route=%2Fwp%2Fv2%2Fcomments&post=287085"}],"version-history":[{"count":1,"href":"https:\/\/diariodominicano.com\/index.php?rest_route=\/wp\/v2\/posts\/287085\/revisions"}],"predecessor-version":[{"id":287171,"href":"https:\/\/diariodominicano.com\/index.php?rest_route=\/wp\/v2\/posts\/287085\/revisions\/287171"}],"wp:attachment":[{"href":"https:\/\/diariodominicano.com\/index.php?rest_route=%2Fwp%2Fv2%2Fmedia&parent=287085"}],"wp:term":[{"taxonomy":"category","embeddable":true,"href":"https:\/\/diariodominicano.com\/index.php?rest_route=%2Fwp%2Fv2%2Fcategories&post=287085"},{"taxonomy":"post_tag","embeddable":true,"href":"https:\/\/diariodominicano.com\/index.php?rest_route=%2Fwp%2Fv2%2Ftags&post=287085"}],"curies":[{"name":"wp","href":"https:\/\/api.w.org\/{rel}","templated":true}]}}