{"id":287081,"date":"2021-07-15T18:34:35","date_gmt":"2021-07-15T22:34:35","guid":{"rendered":"http:\/\/diariodominicano.com\/?p=287081"},"modified":"2021-07-15T20:00:54","modified_gmt":"2021-07-16T00:00:54","slug":"la-artista-nokki-cabrera-debuta-con-su-nuevo-proyecto-trap-salsa","status":"publish","type":"post","link":"https:\/\/diariodominicano.com\/?p=287081","title":{"rendered":"LA ARTISTA NOKKI CABRERA DEBUTA CON SU NUEVO PROYECTO &#8216;TRAP SALSA&#8217;"},"content":{"rendered":"\n<p>(LOS ANGELES, CA) 16 DE JULIO DE 2021.- Ofreciendo m\u00fasica que es lo mejor de ambos mundos, Nokki Cabrera est\u00e1 aqu\u00ed para reclamar su t\u00edtulo de &#8216;Princesa de la Salsa Trap&#8217;. La artista en ascenso Nokki Cabrera acaba de lanzar su EP debut Trap Salsa. El nuevo proyecto incluye 6 temas que muestran su gama, talento y creatividad como artista, adem\u00e1s de mostrar al mundo de lo que es capaz. Para Cabrera, su inspiraci\u00f3n y motivaci\u00f3n para hacer m\u00fasica es hacer que la gente se sienta segura y empoderada, y Trap Salsa hace exactamente eso.<\/p>\n\n\n\n<p>\u00abTrap Salsa trata del amor, del optimismo, de vivir la vida al m\u00e1ximo, de ver la belleza de las cosas y de no dar nunca nada por sentado\u00bb, dice Nokki Cabrera. \u00abCuando la gente escucha este proyecto, rezo para que se sienta segura, abrazada y querida. Quiero que la gente se sienta ligera y quiera expresarse de forma positiva\u00bb.<\/p>\n\n\n\n<p>En Trap Salsa, la oriunda de Tampa, Florida, se apoya en sus ra\u00edces latinas y en su nuevo arte. Su sonido combina la m\u00fasica tradicional de la salsa con una fuerte influencia de la m\u00fasica trap americana como base. \u201cTrap\u00bb se asemeja a su lado americano, mientras que \u00abSalsa\u00bb se asemeja a su lado cubano. El pr\u00f3ximo proyecto demuestra la capacidad de Cabrera para prosperar como cantante manteni\u00e9ndose fiel a sus ra\u00edces y creando un sonido divertido, en\u00e9rgico e inspirado en su infancia.<\/p>\n\n\n\n<p>\u00abCuando era ni\u00f1a, mis padres pon\u00edan todo tipo de m\u00fasica latina en casa, ya que el espa\u00f1ol es su primera lengua\u00bb, dice Cabrera. \u00abSoy una cubanoamericana de primera generaci\u00f3n, as\u00ed que quer\u00eda que mi m\u00fasica tambi\u00e9n representara eso\u00bb.<\/p>\n\n\n\n<p>Habiendo construido su propia base de fans org\u00e1nica en TikTok e Instagram, Nokki Cabrera est\u00e1 ahora aqu\u00ed para mostrar al mundo de lo que es capaz. Est\u00e1 lista para manifestar la carrera de cantante e int\u00e9rprete que siempre imagin\u00f3 desde ni\u00f1a. Con el lanzamiento de su proyecto de debut &#8216;Trap Salsa&#8217;, el p\u00fablico est\u00e1 de enhorabuena <\/p>\n\n\n\n<figure class=\"wp-block-image size-large is-style-default\"><img loading=\"lazy\" decoding=\"async\" width=\"1024\" height=\"526\" src=\"https:\/\/diariodominicano.com\/wp-content\/uploads\/2021\/07\/Nokki-Cabrera1-1024x526.jpg\" alt=\"\" class=\"wp-image-287088\" srcset=\"https:\/\/diariodominicano.com\/wp-content\/uploads\/2021\/07\/Nokki-Cabrera1-1024x526.jpg 1024w, https:\/\/diariodominicano.com\/wp-content\/uploads\/2021\/07\/Nokki-Cabrera1-300x154.jpg 300w, https:\/\/diariodominicano.com\/wp-content\/uploads\/2021\/07\/Nokki-Cabrera1-768x395.jpg 768w, https:\/\/diariodominicano.com\/wp-content\/uploads\/2021\/07\/Nokki-Cabrera1-1536x789.jpg 1536w, https:\/\/diariodominicano.com\/wp-content\/uploads\/2021\/07\/Nokki-Cabrera1-2048x1052.jpg 2048w, https:\/\/diariodominicano.com\/wp-content\/uploads\/2021\/07\/Nokki-Cabrera1-816x419.jpg 816w\" sizes=\"auto, (max-width: 1024px) 100vw, 1024px\" \/><\/figure>\n","protected":false},"excerpt":{"rendered":"<p>(LOS ANGELES, CA) 16 DE JULIO DE 2021.- Ofreciendo m\u00fasica que es lo mejor de ambos mundos, Nokki Cabrera est\u00e1 aqu\u00ed para reclamar su t\u00edtulo de &#8216;Princesa de la Salsa Trap&#8217;. La artista en ascenso Nokki Cabrera acaba de lanzar su EP debut Trap Salsa. El nuevo proyecto incluye 6 temas que muestran su gama, [&hellip;]<\/p>\n","protected":false},"author":7,"featured_media":287098,"comment_status":"closed","ping_status":"","sticky":true,"template":"","format":"standard","meta":{"footnotes":""},"categories":[25,27],"tags":[],"class_list":["post-287081","post","type-post","status-publish","format-standard","has-post-thumbnail","hentry","category-gente","category-portada"],"_links":{"self":[{"href":"https:\/\/diariodominicano.com\/index.php?rest_route=\/wp\/v2\/posts\/287081","targetHints":{"allow":["GET"]}}],"collection":[{"href":"https:\/\/diariodominicano.com\/index.php?rest_route=\/wp\/v2\/posts"}],"about":[{"href":"https:\/\/diariodominicano.com\/index.php?rest_route=\/wp\/v2\/types\/post"}],"author":[{"embeddable":true,"href":"https:\/\/diariodominicano.com\/index.php?rest_route=\/wp\/v2\/users\/7"}],"replies":[{"embeddable":true,"href":"https:\/\/diariodominicano.com\/index.php?rest_route=%2Fwp%2Fv2%2Fcomments&post=287081"}],"version-history":[{"count":7,"href":"https:\/\/diariodominicano.com\/index.php?rest_route=\/wp\/v2\/posts\/287081\/revisions"}],"predecessor-version":[{"id":287104,"href":"https:\/\/diariodominicano.com\/index.php?rest_route=\/wp\/v2\/posts\/287081\/revisions\/287104"}],"wp:featuredmedia":[{"embeddable":true,"href":"https:\/\/diariodominicano.com\/index.php?rest_route=\/wp\/v2\/media\/287098"}],"wp:attachment":[{"href":"https:\/\/diariodominicano.com\/index.php?rest_route=%2Fwp%2Fv2%2Fmedia&parent=287081"}],"wp:term":[{"taxonomy":"category","embeddable":true,"href":"https:\/\/diariodominicano.com\/index.php?rest_route=%2Fwp%2Fv2%2Fcategories&post=287081"},{"taxonomy":"post_tag","embeddable":true,"href":"https:\/\/diariodominicano.com\/index.php?rest_route=%2Fwp%2Fv2%2Ftags&post=287081"}],"curies":[{"name":"wp","href":"https:\/\/api.w.org\/{rel}","templated":true}]}}