{"id":287053,"date":"2021-07-15T14:24:39","date_gmt":"2021-07-15T18:24:39","guid":{"rendered":"http:\/\/diariodominicano.com\/?p=287053"},"modified":"2021-07-15T14:26:51","modified_gmt":"2021-07-15T18:26:51","slug":"continuamos-desarticulando-grupos-criminales-por-la-seguridad-ciudadana-de-santiago-y-todo-el-pais","status":"publish","type":"post","link":"https:\/\/diariodominicano.com\/?p=287053","title":{"rendered":"PN apresa hombre acusado de cometer cr\u00edmenes en  Santiago"},"content":{"rendered":"\n<p>diariodominicano.com<\/p>\n\n\n\n<p>Santiago, R. D.,  15 de julio, 2021.-   La  Polic\u00eda Nacional informa sobre la captura de un hombre sindicado como miembro de una estructura de crimen organizado dedicada al secuestro, sicariato y tumbe de sustancias narc\u00f3ticas en la provincia de Santiago de los Caballeros.<\/p>\n\n\n\n<p>El apresado es&nbsp;<strong>Luis Alberto Espinal (a) \u00d1o\u00f1o, de 40 a\u00f1os<\/strong>, quien al momento de su captura transitaba por la avenida 27 de Febrero, en Cerro de Gurabo II, en esa provincia, a bordo de un autom\u00f3vil, el cual fue requisado mediante acta de registro de veh\u00edculo, ocupando 89,000 pesos en efectivo, seis tarjetas SIM, un dispositivo bloqueador de GPS, un GPS port\u00e1til, unos binoculares, tres celulares, un pasaporte a su nombre, su c\u00e9dula de identidad y un carnet de prensa.<\/p>\n\n\n\n<p>Luego, mediante orden de allanamiento en su residencia ubicada en el municipio de Tamboril, Santiago, en compa\u00f1\u00eda de representantes del Ministerio P\u00fablico, fueron ocupados un fusil con dos cargadores de 30 c\u00e1psulas, cuatro GPS port\u00e1tiles, tres pistolas con su cargador y 22 c\u00e1psulas, un cargador adicional con 30 c\u00e1psulas, un par de esposas, tres celulares de distintas marcas y un dron.<\/p>\n\n\n\n<p>El detenido era buscado mediante orden de arresto por el secuestro de dos hombres y un menor de edad, en Santiago, el pasado 5 de julio, por quienes exig\u00edan el pago de 100 mil d\u00f3lares por su liberaci\u00f3n.<\/p>\n\n\n\n<p>Posteriormente, las tres personas fueron abandonadas por sus captores en la localidad de Navarrete de esa provincia.<\/p>\n\n\n\n<p><strong>Caso pendiente<\/strong><\/p>\n\n\n\n<p>El detenido Luis Alberto Espinal es parte del mismo grupo criminal que el 10 de diciembre del 2020 secuestr\u00f3 y ultim\u00f3 a Richard Bol\u00edvar Santana Santos, cuyo cad\u00e1ver fue encontrado sepultado en una finca del municipio de Villa Altagracia, el pasado 7 de enero del presente a\u00f1o.<\/p>\n\n\n\n<p>Por este caso guardan prisi\u00f3n ocho personas, a quienes se les ocuparon armas de fuego, pertrechos militares y otros efectos para cometer sus fechor\u00edas. En tanto que los pr\u00f3fugos son Juan Francisco Vicioso Fern\u00e1ndez y Eduard Abreu M\u00e9ndez, quienes tienen orden de arresto en su contra, emitida por el Ministerio P\u00fablico.<\/p>\n\n\n\n<p>Invitamos a la ciudadan\u00eda a denunciar este y otros hechos contrarios a la ley y el orden p\u00fablico.<\/p>\n\n\n\n<p>Fuente:  Departamento de Prensa<\/p>\n\n\n\n<p>Direcci\u00f3n&nbsp;de Comunicaciones&nbsp;Estrat\u00e9gicas<\/p>\n\n\n\n<p>Polic\u00eda Nacional Rep\u00fablica Dominicana.<\/p>\n","protected":false},"excerpt":{"rendered":"<p>diariodominicano.com Santiago, R. D., 15 de julio, 2021.- La Polic\u00eda Nacional informa sobre la captura de un hombre sindicado como miembro de una estructura de crimen organizado dedicada al secuestro, sicariato y tumbe de sustancias narc\u00f3ticas en la provincia de Santiago de los Caballeros. El apresado es&nbsp;Luis Alberto Espinal (a) \u00d1o\u00f1o, de 40 a\u00f1os, quien [&hellip;]<\/p>\n","protected":false},"author":5,"featured_media":287054,"comment_status":"closed","ping_status":"","sticky":true,"template":"","format":"standard","meta":{"footnotes":""},"categories":[24,27],"tags":[],"class_list":["post-287053","post","type-post","status-publish","format-standard","has-post-thumbnail","hentry","category-justicia-y-derecho","category-portada"],"_links":{"self":[{"href":"https:\/\/diariodominicano.com\/index.php?rest_route=\/wp\/v2\/posts\/287053","targetHints":{"allow":["GET"]}}],"collection":[{"href":"https:\/\/diariodominicano.com\/index.php?rest_route=\/wp\/v2\/posts"}],"about":[{"href":"https:\/\/diariodominicano.com\/index.php?rest_route=\/wp\/v2\/types\/post"}],"author":[{"embeddable":true,"href":"https:\/\/diariodominicano.com\/index.php?rest_route=\/wp\/v2\/users\/5"}],"replies":[{"embeddable":true,"href":"https:\/\/diariodominicano.com\/index.php?rest_route=%2Fwp%2Fv2%2Fcomments&post=287053"}],"version-history":[{"count":3,"href":"https:\/\/diariodominicano.com\/index.php?rest_route=\/wp\/v2\/posts\/287053\/revisions"}],"predecessor-version":[{"id":287057,"href":"https:\/\/diariodominicano.com\/index.php?rest_route=\/wp\/v2\/posts\/287053\/revisions\/287057"}],"wp:featuredmedia":[{"embeddable":true,"href":"https:\/\/diariodominicano.com\/index.php?rest_route=\/wp\/v2\/media\/287054"}],"wp:attachment":[{"href":"https:\/\/diariodominicano.com\/index.php?rest_route=%2Fwp%2Fv2%2Fmedia&parent=287053"}],"wp:term":[{"taxonomy":"category","embeddable":true,"href":"https:\/\/diariodominicano.com\/index.php?rest_route=%2Fwp%2Fv2%2Fcategories&post=287053"},{"taxonomy":"post_tag","embeddable":true,"href":"https:\/\/diariodominicano.com\/index.php?rest_route=%2Fwp%2Fv2%2Ftags&post=287053"}],"curies":[{"name":"wp","href":"https:\/\/api.w.org\/{rel}","templated":true}]}}