{"id":287020,"date":"2021-07-15T11:59:43","date_gmt":"2021-07-15T15:59:43","guid":{"rendered":"http:\/\/diariodominicano.com\/?p=287020"},"modified":"2021-07-15T11:59:43","modified_gmt":"2021-07-15T15:59:43","slug":"lluvias-torrenciales-en-belgica-provocan-graves-inundaciones","status":"publish","type":"post","link":"https:\/\/diariodominicano.com\/?p=287020","title":{"rendered":"Lluvias torrenciales en B\u00e9lgica provocan graves inundaciones"},"content":{"rendered":"\n<p>diariodominicano.com<a rel=\"noreferrer noopener\" href=\"http:\/\/home.xinhua-news.com\/gdsdetailxhs\/share\/9666637-?pageflag=iframe\" target=\"_blank\"><\/a><\/p>\n\n\n\n<pre id=\"text-news-description\" class=\"wp-block-preformatted\">   BRUSELAS, 15 jul (Xinhua) -- Las lluvias torrenciales causaron hoy jueves graves perturbaciones en B\u00e9lgica, donde calles y localidades enteras quedaron cubiertas por las inundaciones.\n   El aguacero ha convertido arroyos y calles en grandes torrentes, que han arrastrado autos e inundado localidades enteras.\n   \"Nuestro pa\u00eds se ve afectado actualmente por lluvias extremas. Nos solidarizamos profundamente con todas las familias afectadas y las autoridades locales\", dijo el primer ministro Alexander De Croo en Twitter.\n   Se ha enviado un equipo de rescate por inundaciones y un helic\u00f3ptero para ayudar con los esfuerzos de rescate locales, principalmente en \u00e1reas inundadas alrededor de la ciudad de Lieja.\n   El Mecanismo de Protecci\u00f3n Civil de la Uni\u00f3n Europea se ha activado para hacer frente a las grandes inundaciones, tras una solicitud de asistencia hecha por B\u00e9lgica el mi\u00e9rcoles.\n   Se encontraron cuatro cuerpos en el municipio de Verviers en la provincia de Lieja en Valonia, seg\u00fan el sitio web de noticias belga 7sur7.\n   Existe una creciente preocupaci\u00f3n de que el r\u00edo Mosa, que se origina en Francia y fluye a trav\u00e9s de B\u00e9lgica y Pa\u00edses Bajos antes de desembocar en el Mar del Norte, pueda desbordarse por completo en el transcurso del jueves, causando m\u00e1s da\u00f1os a las ciudades cercanas.\n   El transporte p\u00fablico en Bruselas tambi\u00e9n se ha visto seriamente afectado.\n   Entre el martes y el jueves, las intensas lluvias ininterrumpidas han azotado con fuerza la mitad oriental del pa\u00eds, seg\u00fan el pron\u00f3stico meteorol\u00f3gico belga. Las lluvias seguir\u00e1n cayendo en el este y centro del pa\u00eds, provocando el desbordamiento de m\u00e1s r\u00edos. <\/pre>\n","protected":false},"excerpt":{"rendered":"<p>diariodominicano.com BRUSELAS, 15 jul (Xinhua) &#8212; Las lluvias torrenciales causaron hoy jueves graves perturbaciones en B\u00e9lgica, donde calles y localidades enteras quedaron cubiertas por las inundaciones. El aguacero ha convertido arroyos y calles en grandes torrentes, que han arrastrado autos e inundado localidades enteras. \u00abNuestro pa\u00eds se ve afectado actualmente por lluvias extremas. Nos solidarizamos [&hellip;]<\/p>\n","protected":false},"author":5,"featured_media":287021,"comment_status":"closed","ping_status":"","sticky":true,"template":"","format":"standard","meta":{"footnotes":""},"categories":[23,27],"tags":[],"class_list":["post-287020","post","type-post","status-publish","format-standard","has-post-thumbnail","hentry","category-internacional","category-portada"],"_links":{"self":[{"href":"https:\/\/diariodominicano.com\/index.php?rest_route=\/wp\/v2\/posts\/287020","targetHints":{"allow":["GET"]}}],"collection":[{"href":"https:\/\/diariodominicano.com\/index.php?rest_route=\/wp\/v2\/posts"}],"about":[{"href":"https:\/\/diariodominicano.com\/index.php?rest_route=\/wp\/v2\/types\/post"}],"author":[{"embeddable":true,"href":"https:\/\/diariodominicano.com\/index.php?rest_route=\/wp\/v2\/users\/5"}],"replies":[{"embeddable":true,"href":"https:\/\/diariodominicano.com\/index.php?rest_route=%2Fwp%2Fv2%2Fcomments&post=287020"}],"version-history":[{"count":1,"href":"https:\/\/diariodominicano.com\/index.php?rest_route=\/wp\/v2\/posts\/287020\/revisions"}],"predecessor-version":[{"id":287022,"href":"https:\/\/diariodominicano.com\/index.php?rest_route=\/wp\/v2\/posts\/287020\/revisions\/287022"}],"wp:featuredmedia":[{"embeddable":true,"href":"https:\/\/diariodominicano.com\/index.php?rest_route=\/wp\/v2\/media\/287021"}],"wp:attachment":[{"href":"https:\/\/diariodominicano.com\/index.php?rest_route=%2Fwp%2Fv2%2Fmedia&parent=287020"}],"wp:term":[{"taxonomy":"category","embeddable":true,"href":"https:\/\/diariodominicano.com\/index.php?rest_route=%2Fwp%2Fv2%2Fcategories&post=287020"},{"taxonomy":"post_tag","embeddable":true,"href":"https:\/\/diariodominicano.com\/index.php?rest_route=%2Fwp%2Fv2%2Ftags&post=287020"}],"curies":[{"name":"wp","href":"https:\/\/api.w.org\/{rel}","templated":true}]}}