{"id":287014,"date":"2021-07-15T11:17:59","date_gmt":"2021-07-15T15:17:59","guid":{"rendered":"http:\/\/diariodominicano.com\/?p=287014"},"modified":"2021-07-15T11:17:59","modified_gmt":"2021-07-15T15:17:59","slug":"resurgen-casos-de-covid-19-en-eeuu-en-medio-de-politizacion-de-vacunacion-medio-estadounidense","status":"publish","type":"post","link":"https:\/\/diariodominicano.com\/?p=287014","title":{"rendered":"Resurgen casos de COVID-19 en EEUU en medio de politizaci\u00f3n de vacunaci\u00f3n: Medio estadounidense"},"content":{"rendered":"\n<p>diariodominicano.com<a rel=\"noreferrer noopener\" href=\"http:\/\/home.xinhua-news.com\/gdsdetailxhs\/share\/9667278-?pageflag=iframe\" target=\"_blank\"><\/a><\/p>\n\n\n\n<pre id=\"text-news-description\" class=\"wp-block-preformatted\">   WASHINGTON, 15 jul (Xinhua) -- La pol\u00edtica est\u00e1 causando muertes innecesarias en la batalla contra la COVID-19, indic\u00f3 el mi\u00e9rcoles un an\u00e1lisis de CNN.\n   \"La tarea de persuadir a los que se resisten, a los esc\u00e9pticos y a los simplemente desinteresados \u200b\u200ben ser vacunados est\u00e1 siendo complicada por la mayor politizaci\u00f3n de la pandemia, una tendencia que costar\u00e1 vidas y exacerbar\u00e1 una cruda tragedia que ha profundizado el distanciamiento ideol\u00f3gico de la naci\u00f3n\", advirti\u00f3.\n   De acuerdo con un reporte publicado el mi\u00e9rcoles por Al Jazeera, la cantidad de casos de COVID-19 en Estados Unidos est\u00e1 aumentando nuevamente despu\u00e9s de meses de disminuci\u00f3n, y el n\u00famero de casos nuevos por d\u00eda se duplic\u00f3 en las tres semanas pasadas, impulsado por la variante Delta de r\u00e1pida propagaci\u00f3n, la resistencia a aplicarse las vacunas y las reuniones por el 4 de Julio.\n   \"Muchos estadounidenses consideran a su libertad individual como una absoluci\u00f3n de la idea de que vacunarse es un deber p\u00fablico\", explic\u00f3 el an\u00e1lisis de CNN, y agreg\u00f3 que \"incluso el acto de promocionar las vacunas que salvan vidas puede hundirse en divisiones pol\u00edticas\".<\/pre>\n","protected":false},"excerpt":{"rendered":"<p>diariodominicano.com WASHINGTON, 15 jul (Xinhua) &#8212; La pol\u00edtica est\u00e1 causando muertes innecesarias en la batalla contra la COVID-19, indic\u00f3 el mi\u00e9rcoles un an\u00e1lisis de CNN. \u00abLa tarea de persuadir a los que se resisten, a los esc\u00e9pticos y a los simplemente desinteresados \u200b\u200ben ser vacunados est\u00e1 siendo complicada por la mayor politizaci\u00f3n de la pandemia, [&hellip;]<\/p>\n","protected":false},"author":5,"featured_media":287015,"comment_status":"closed","ping_status":"","sticky":true,"template":"","format":"standard","meta":{"footnotes":""},"categories":[23,27],"tags":[],"class_list":["post-287014","post","type-post","status-publish","format-standard","has-post-thumbnail","hentry","category-internacional","category-portada"],"_links":{"self":[{"href":"https:\/\/diariodominicano.com\/index.php?rest_route=\/wp\/v2\/posts\/287014","targetHints":{"allow":["GET"]}}],"collection":[{"href":"https:\/\/diariodominicano.com\/index.php?rest_route=\/wp\/v2\/posts"}],"about":[{"href":"https:\/\/diariodominicano.com\/index.php?rest_route=\/wp\/v2\/types\/post"}],"author":[{"embeddable":true,"href":"https:\/\/diariodominicano.com\/index.php?rest_route=\/wp\/v2\/users\/5"}],"replies":[{"embeddable":true,"href":"https:\/\/diariodominicano.com\/index.php?rest_route=%2Fwp%2Fv2%2Fcomments&post=287014"}],"version-history":[{"count":1,"href":"https:\/\/diariodominicano.com\/index.php?rest_route=\/wp\/v2\/posts\/287014\/revisions"}],"predecessor-version":[{"id":287016,"href":"https:\/\/diariodominicano.com\/index.php?rest_route=\/wp\/v2\/posts\/287014\/revisions\/287016"}],"wp:featuredmedia":[{"embeddable":true,"href":"https:\/\/diariodominicano.com\/index.php?rest_route=\/wp\/v2\/media\/287015"}],"wp:attachment":[{"href":"https:\/\/diariodominicano.com\/index.php?rest_route=%2Fwp%2Fv2%2Fmedia&parent=287014"}],"wp:term":[{"taxonomy":"category","embeddable":true,"href":"https:\/\/diariodominicano.com\/index.php?rest_route=%2Fwp%2Fv2%2Fcategories&post=287014"},{"taxonomy":"post_tag","embeddable":true,"href":"https:\/\/diariodominicano.com\/index.php?rest_route=%2Fwp%2Fv2%2Ftags&post=287014"}],"curies":[{"name":"wp","href":"https:\/\/api.w.org\/{rel}","templated":true}]}}