{"id":287009,"date":"2021-07-15T11:10:38","date_gmt":"2021-07-15T15:10:38","guid":{"rendered":"http:\/\/diariodominicano.com\/?p=287009"},"modified":"2021-07-15T11:11:17","modified_gmt":"2021-07-15T15:11:17","slug":"movimientos-anuncian-acuerdo-para-llevar-a-ana-daisy-guerrero-a-la-presidencia-del-cdp-juran-transformar-esa-entidad","status":"publish","type":"post","link":"https:\/\/diariodominicano.com\/?p=287009","title":{"rendered":"Movimientos anuncian acuerdo para llevar a Ana Daisy Guerrero a la presidencia del CDP; juran transformar esa entidad"},"content":{"rendered":"\n<p>diariodominicano.com<\/p>\n\n\n\n<p>Santo Domingo, R. D.,  15 de julio, 2021.-  Los movimientos Convergencia y Dos Generaciones anuncian la concertaci\u00f3n de una unidad program\u00e1tica para presentar a la consagrada dirigente gremial Ana Daisy Guerrero a la presidencia del Colegio Dominicano de Periodistas (CDP), y se comprometen a lograr la modificaci\u00f3n de la ley de colegiaci\u00f3n para transformar a esa entidad profesional.<\/p>\n\n\n\n<p>Las agrupaciones informan que luego de meses de discusiones consensuaron un plan estrat\u00e9gico y una propuesta electoral que encarnan la esperanza de un nuevo CDP, por representar la combinaci\u00f3n de experiencia, juventud, capacidad, profesionalidad, integridad, principios y vocaci\u00f3n de servicios.<\/p>\n\n\n\n<p>Explican que los acuerdos contemplan concertar la plancha que tendr\u00e1 como nombre \u201cUnidos para triunfar\u201d, como lema o eslogan central \u201cConstruyamos juntos un nuevo CDP\u201d, y que llevar\u00e1 a Guerrero como candidata a la presidencia del Comit\u00e9 Ejecutivo.<\/p>\n\n\n\n<p>La propuesta unitaria lleva, adem\u00e1s, al destacado dirigente gremial Te\u00f3filo Bonilla a la presidencia del Instituto de Previsi\u00f3n y Protecci\u00f3n del Periodista (IPPP), a Yoselyn Espinal a la presidencia del Tribunal Disciplinario y a Wilkins de la Cruz a la secretar\u00eda general de la Seccional del Distrito Nacional.<\/p>\n\n\n\n<p>Observan que debido a la crisis institucional que vive el gremio profesional, la situaci\u00f3n socio econ\u00f3mica de los periodistas y el deterioro \u00e9tico del ejercicio period\u00edstico, intentaron concertar una amplia unidad con los actores que cohabitan alrededor del CDP para llevar un solo candidato, pero que no se pudo por los intereses personales que imperan en algunos grupos.<\/p>\n\n\n\n<p>Convergencia y Dos Generaciones formulan un llamado a sus miembros para que abracen el proyecto unitario y juntos ganar las elecciones del 27 de agosto venidero, \u00fanica v\u00eda para hacer los cambios que prometen.<\/p>\n\n\n\n<p>De igual forma, piden de las y los periodistas dominicanos hacer posible con su voto que el CDP inicie una nueva etapa de transformaciones y cambios, que no solo devuelva el orgullo de ser periodista, sino que represente y defienda a su membres\u00eda y abogue por un ejercicio regulado y \u00e9tico.<\/p>\n\n\n\n<p>Aseguran que, con Ana Daisy Guerrero en el CDP y Joselyn Espinal en el Tribunal Disciplinario, adem\u00e1s de otras destacadas periodistas que integran la plancha, se reconoce el valor que tienen las mujeres para dirigir los destinos de las instituciones en Rep\u00fablica Dominicana.<\/p>\n\n\n\n<p><strong>Acerca de los candidatos<\/strong><\/p>\n\n\n\n<p>Los movimientos Convergencia y Dos Generaciones dijeron que los candidatos de la plancha son profesionales calificados y gremialistas a carta cabal.<\/p>\n\n\n\n<p>Expresaron que Guerrero, quien en la actualidad es presidenta del C\u00edrculo de Locutores Dominicanos, es licenciada en comunicaci\u00f3n social, menci\u00f3n periodismo, de la Universidad Aut\u00f3noma de Santo Domingo (UASD), investida doctora Honoris Causa por la Universidad ejecutiva del Estado de M\u00e9xico y la Asociaci\u00f3n Nacional de Locutores de M\u00e9xico, adem\u00e1s de que cuenta con una Maestr\u00eda en Gerencia de la Comunicaci\u00f3n Corporativa, en la Universidad APEC (UNAPEC).<\/p>\n\n\n\n<p>A\u00f1adieron que Bonilla y Espinal son profesionales que tienen una larga carrera y una excelente vocaci\u00f3n de servicio, mientras que, De la Cruz, es un joven que se viene destacando como reportero en la televisi\u00f3n dominicana.<\/p>\n\n\n\n<p>Fuente:  Luis Garc\u00eda, coordinador de Convergencia<\/p>\n\n\n\n<p>Perfecto Mart\u00ednez, Coordinador de Dos Generaciones<\/p>\n","protected":false},"excerpt":{"rendered":"<p>diariodominicano.com Santo Domingo, R. D., 15 de julio, 2021.- Los movimientos Convergencia y Dos Generaciones anuncian la concertaci\u00f3n de una unidad program\u00e1tica para presentar a la consagrada dirigente gremial Ana Daisy Guerrero a la presidencia del Colegio Dominicano de Periodistas (CDP), y se comprometen a lograr la modificaci\u00f3n de la ley de colegiaci\u00f3n para transformar [&hellip;]<\/p>\n","protected":false},"author":5,"featured_media":287012,"comment_status":"closed","ping_status":"","sticky":true,"template":"","format":"standard","meta":{"footnotes":""},"categories":[20,27],"tags":[],"class_list":["post-287009","post","type-post","status-publish","format-standard","has-post-thumbnail","hentry","category-dominicana-hoy","category-portada"],"_links":{"self":[{"href":"https:\/\/diariodominicano.com\/index.php?rest_route=\/wp\/v2\/posts\/287009","targetHints":{"allow":["GET"]}}],"collection":[{"href":"https:\/\/diariodominicano.com\/index.php?rest_route=\/wp\/v2\/posts"}],"about":[{"href":"https:\/\/diariodominicano.com\/index.php?rest_route=\/wp\/v2\/types\/post"}],"author":[{"embeddable":true,"href":"https:\/\/diariodominicano.com\/index.php?rest_route=\/wp\/v2\/users\/5"}],"replies":[{"embeddable":true,"href":"https:\/\/diariodominicano.com\/index.php?rest_route=%2Fwp%2Fv2%2Fcomments&post=287009"}],"version-history":[{"count":3,"href":"https:\/\/diariodominicano.com\/index.php?rest_route=\/wp\/v2\/posts\/287009\/revisions"}],"predecessor-version":[{"id":287013,"href":"https:\/\/diariodominicano.com\/index.php?rest_route=\/wp\/v2\/posts\/287009\/revisions\/287013"}],"wp:featuredmedia":[{"embeddable":true,"href":"https:\/\/diariodominicano.com\/index.php?rest_route=\/wp\/v2\/media\/287012"}],"wp:attachment":[{"href":"https:\/\/diariodominicano.com\/index.php?rest_route=%2Fwp%2Fv2%2Fmedia&parent=287009"}],"wp:term":[{"taxonomy":"category","embeddable":true,"href":"https:\/\/diariodominicano.com\/index.php?rest_route=%2Fwp%2Fv2%2Fcategories&post=287009"},{"taxonomy":"post_tag","embeddable":true,"href":"https:\/\/diariodominicano.com\/index.php?rest_route=%2Fwp%2Fv2%2Ftags&post=287009"}],"curies":[{"name":"wp","href":"https:\/\/api.w.org\/{rel}","templated":true}]}}