{"id":286894,"date":"2021-07-14T18:12:17","date_gmt":"2021-07-14T22:12:17","guid":{"rendered":"http:\/\/diariodominicano.com\/?p=286894"},"modified":"2021-07-14T19:05:12","modified_gmt":"2021-07-14T23:05:12","slug":"itsc-realiza-acuerdo-de-cooperacion-con-el-cecanot","status":"publish","type":"post","link":"https:\/\/diariodominicano.com\/?p=286894","title":{"rendered":"ITSC realiza acuerdo de cooperaci\u00f3n con el CECANOT"},"content":{"rendered":"\n<p> <strong>Santo Domingo, R.D.<\/strong>\u00a0El Instituto T\u00e9cnico Superior Comunitario (ITSC) y el Centro Cardio-Neuro Oftalmol\u00f3gico y Trasplante (CECANOT), firmaron un convenio de cooperaci\u00f3n interinstitucional, con el objetivo de aunar esfuerzos que beneficien a ambas instituciones en el \u00e1rea de la salud.<\/p>\n\n\n\n<p>Como parte de dicho acuerdo, el cual fue firmado por el Mtro. Francisco Vegazo, rector interino del ITSC y el&nbsp;Dr.&nbsp;F\u00e9lix Lorenzo&nbsp;de Jes\u00fas&nbsp;Valdez Suero, director del CECANOT, se desarrollar\u00e1n programas de pr\u00e1cticas hospitalarias y pasant\u00edas para los estudiantes seleccionados de las carreras que comprenden el \u00c1rea de Salud, a nivel t\u00e9cnico superior, sin exclusi\u00f3n de estudiantes de otras carreras que sean requeridas.<\/p>\n\n\n\n<p>De igual manera, el primer y \u00fanico comunity college del pa\u00eds, ofrecer\u00e1 al CECANOT egresados de las carreras con las competencias requeridas y colaborar\u00e1 en proyectos de investigaci\u00f3n, en conjunto con dicho centro de salud.<\/p>\n\n\n\n<p>En ese mismo tenor, ambas instituciones compartir\u00e1n publicaciones cient\u00edficas en materia de salud y se ofrecer\u00e1n&nbsp;&nbsp;apoyo mutuo en gesti\u00f3n, asesoramiento y acompa\u00f1amiento.<\/p>\n\n\n\n<figure class=\"wp-block-image is-style-default\"><img loading=\"lazy\" decoding=\"async\" width=\"2560\" height=\"1315\" src=\"https:\/\/diariodominicano.com\/wp-content\/uploads\/2021\/07\/ITSC-realiza-acuerdo-de-cooperacion-con-el-CECANOT-11-scaled.jpg\" alt=\"\" class=\"wp-image-286928\" srcset=\"https:\/\/diariodominicano.com\/wp-content\/uploads\/2021\/07\/ITSC-realiza-acuerdo-de-cooperacion-con-el-CECANOT-11-scaled.jpg 2560w, https:\/\/diariodominicano.com\/wp-content\/uploads\/2021\/07\/ITSC-realiza-acuerdo-de-cooperacion-con-el-CECANOT-11-300x154.jpg 300w, https:\/\/diariodominicano.com\/wp-content\/uploads\/2021\/07\/ITSC-realiza-acuerdo-de-cooperacion-con-el-CECANOT-11-1024x526.jpg 1024w, https:\/\/diariodominicano.com\/wp-content\/uploads\/2021\/07\/ITSC-realiza-acuerdo-de-cooperacion-con-el-CECANOT-11-768x395.jpg 768w, https:\/\/diariodominicano.com\/wp-content\/uploads\/2021\/07\/ITSC-realiza-acuerdo-de-cooperacion-con-el-CECANOT-11-1536x789.jpg 1536w, https:\/\/diariodominicano.com\/wp-content\/uploads\/2021\/07\/ITSC-realiza-acuerdo-de-cooperacion-con-el-CECANOT-11-2048x1052.jpg 2048w, https:\/\/diariodominicano.com\/wp-content\/uploads\/2021\/07\/ITSC-realiza-acuerdo-de-cooperacion-con-el-CECANOT-11-816x419.jpg 816w\" sizes=\"auto, (max-width: 2560px) 100vw, 2560px\" \/><figcaption>Dr. F\u00e9lix Lorenzo de Jes\u00fas Valdez Suero, director del CECANOT y el Mtro. Francisco Vegazo, rector interino del ITSC <\/figcaption><\/figure>\n\n\n\n<p>Como parte del convenio CECANOT tambi\u00e9n pondr\u00e1 a disposici\u00f3n su personal, para impartir charlas, seminarios, talleres y programas sobre diferentes temas a la poblaci\u00f3n estudiantil, as\u00ed como para consultas de los estudiantes en sus pr\u00e1cticas y trabajos de investigaci\u00f3n.<\/p>\n\n\n\n<p>Asimismo, se coordinar\u00e1n acciones que permitan&nbsp;&nbsp;al personal del CECANOT ser capacitado t\u00e9cnicamente en el ITSC, en las \u00e1reas de inter\u00e9s de dicha instituci\u00f3n.<\/p>\n\n\n\n<p>Por \u00faltimo, se establecer\u00e1n las condiciones necesarias para que, entre ambas instituciones, puedan brindar servicios comunitarios a la poblaci\u00f3n, en todas las \u00e1reas docentes que imparte el ITSC.<\/p>\n\n\n\n<figure class=\"wp-block-image size-large is-style-default\"><img loading=\"lazy\" decoding=\"async\" width=\"1024\" height=\"526\" src=\"https:\/\/diariodominicano.com\/wp-content\/uploads\/2021\/07\/ITSC-realiza-acuerdo-de-cooperacion-con-el-CECANOT-1024x526.jpg\" alt=\"\" class=\"wp-image-286929\" srcset=\"https:\/\/diariodominicano.com\/wp-content\/uploads\/2021\/07\/ITSC-realiza-acuerdo-de-cooperacion-con-el-CECANOT-1024x526.jpg 1024w, https:\/\/diariodominicano.com\/wp-content\/uploads\/2021\/07\/ITSC-realiza-acuerdo-de-cooperacion-con-el-CECANOT-300x154.jpg 300w, https:\/\/diariodominicano.com\/wp-content\/uploads\/2021\/07\/ITSC-realiza-acuerdo-de-cooperacion-con-el-CECANOT-768x395.jpg 768w, https:\/\/diariodominicano.com\/wp-content\/uploads\/2021\/07\/ITSC-realiza-acuerdo-de-cooperacion-con-el-CECANOT-1536x789.jpg 1536w, https:\/\/diariodominicano.com\/wp-content\/uploads\/2021\/07\/ITSC-realiza-acuerdo-de-cooperacion-con-el-CECANOT-2048x1052.jpg 2048w, https:\/\/diariodominicano.com\/wp-content\/uploads\/2021\/07\/ITSC-realiza-acuerdo-de-cooperacion-con-el-CECANOT-816x419.jpg 816w\" sizes=\"auto, (max-width: 1024px) 100vw, 1024px\" \/><figcaption>De izquierda a derecha, Edwin Salazar, encargado de Homologaci\u00f3n y Curr\u00edculo Alba Iris Contreras, consultora Jur\u00eddica, Dra. Sasha Sep\u00falveda coordinadora Administrativa de Salud; Dra. Maritza Contreras, vicerrectora Administrativa y Financiera; Dr. F\u00e9lix Lorenzo de Jes\u00fas Valdez Suero, director del CECANOT; Mtro. Francisco Vegazo, rector interino del ITSC; soci\u00f3logo Rafael Garc\u00eda, vicerrector de Extensi\u00f3n y Vinculaci\u00f3n con la Comunidad y Sectores Productivos Carolyn F\u00e9liz, directora Acad\u00e9mica y el Lic. Miguel \u00c1ngel Inoa, director de Planificaci\u00f3n y Desarrollo<\/figcaption><\/figure>\n\n\n\n<p>En el importante encuentro tambi\u00e9n estuvieron presentes, por el ITSC, la Dra. Maritza Contreras, vicerrectora Administrativa y Financiera; el soci\u00f3logo Rafael Garc\u00eda, vicerrector de Extensi\u00f3n y Vinculaci\u00f3n con la Comunidad y Sectores Productivos; Lic. Miguel \u00c1ngel Inoa, director de Planificaci\u00f3n y Desarrollo; Alba Iris Contreras, consultora Jur\u00eddica; Edwin Salazar, encargado de Homologaci\u00f3n y Curr\u00edculo;&nbsp;&nbsp;Carolyn F\u00e9liz, directora Acad\u00e9mica y la Dra. Sasha Sep\u00falveda coordinadora Administrativa de Salud, entre otros.<\/p>\n\n\n\n<p>En tanto, por el CECANOT tambi\u00e9n estuvieron presentes la Lcda. Blanca Beltr\u00e9, relacionista p\u00fablica y Kendy Pi\u00f1a, encargada de Recursos Humanos <\/p>\n","protected":false},"excerpt":{"rendered":"<p>Santo Domingo, R.D.\u00a0El Instituto T\u00e9cnico Superior Comunitario (ITSC) y el Centro Cardio-Neuro Oftalmol\u00f3gico y Trasplante (CECANOT), firmaron un convenio de cooperaci\u00f3n interinstitucional, con el objetivo de aunar esfuerzos que beneficien a ambas instituciones en el \u00e1rea de la salud. Como parte de dicho acuerdo, el cual fue firmado por el Mtro. Francisco Vegazo, rector interino [&hellip;]<\/p>\n","protected":false},"author":7,"featured_media":286927,"comment_status":"closed","ping_status":"","sticky":true,"template":"","format":"standard","meta":{"footnotes":""},"categories":[20,27],"tags":[],"class_list":["post-286894","post","type-post","status-publish","format-standard","has-post-thumbnail","hentry","category-dominicana-hoy","category-portada"],"_links":{"self":[{"href":"https:\/\/diariodominicano.com\/index.php?rest_route=\/wp\/v2\/posts\/286894","targetHints":{"allow":["GET"]}}],"collection":[{"href":"https:\/\/diariodominicano.com\/index.php?rest_route=\/wp\/v2\/posts"}],"about":[{"href":"https:\/\/diariodominicano.com\/index.php?rest_route=\/wp\/v2\/types\/post"}],"author":[{"embeddable":true,"href":"https:\/\/diariodominicano.com\/index.php?rest_route=\/wp\/v2\/users\/7"}],"replies":[{"embeddable":true,"href":"https:\/\/diariodominicano.com\/index.php?rest_route=%2Fwp%2Fv2%2Fcomments&post=286894"}],"version-history":[{"count":3,"href":"https:\/\/diariodominicano.com\/index.php?rest_route=\/wp\/v2\/posts\/286894\/revisions"}],"predecessor-version":[{"id":286931,"href":"https:\/\/diariodominicano.com\/index.php?rest_route=\/wp\/v2\/posts\/286894\/revisions\/286931"}],"wp:featuredmedia":[{"embeddable":true,"href":"https:\/\/diariodominicano.com\/index.php?rest_route=\/wp\/v2\/media\/286927"}],"wp:attachment":[{"href":"https:\/\/diariodominicano.com\/index.php?rest_route=%2Fwp%2Fv2%2Fmedia&parent=286894"}],"wp:term":[{"taxonomy":"category","embeddable":true,"href":"https:\/\/diariodominicano.com\/index.php?rest_route=%2Fwp%2Fv2%2Fcategories&post=286894"},{"taxonomy":"post_tag","embeddable":true,"href":"https:\/\/diariodominicano.com\/index.php?rest_route=%2Fwp%2Fv2%2Ftags&post=286894"}],"curies":[{"name":"wp","href":"https:\/\/api.w.org\/{rel}","templated":true}]}}