{"id":286893,"date":"2021-07-14T17:03:30","date_gmt":"2021-07-14T21:03:30","guid":{"rendered":"http:\/\/diariodominicano.com\/?p=286893"},"modified":"2021-07-14T17:03:30","modified_gmt":"2021-07-14T21:03:30","slug":"al-ritmo-de-la-bachata-nandy-versatil-esta-de-vacaciones","status":"publish","type":"post","link":"https:\/\/diariodominicano.com\/?p=286893","title":{"rendered":"Al ritmo de la bachata, Nandy Vers\u00e1til est\u00e1 de \u00abVacaciones\u00bb"},"content":{"rendered":"\n<p>&nbsp;&nbsp;&nbsp;&nbsp;&nbsp;&nbsp;&nbsp;&nbsp;&nbsp;El cantante rapero y compositor de origen dominicano, Nandy Vers\u00e1til, lanza su \u00faltimo single \u00abVacaciones\u00bb al ritmo de la bachata caribe\u00f1a.<\/p>\n\n\n\n<p>&nbsp;&nbsp;&nbsp;&nbsp;&nbsp;&nbsp;&nbsp;&nbsp;&nbsp;&nbsp;&nbsp; \u00abVacaciones\u00bb abre el tel\u00f3n de lo que ser\u00e1 la presentaci\u00f3n de su primera placa discogr\u00e1fica con un repertorio de 18 canciones que estrenar\u00e1 &nbsp;a finales de este 2021.<\/p>\n\n\n\n<p>&nbsp;&nbsp;&nbsp;&nbsp;&nbsp;&nbsp;&nbsp;&nbsp;&nbsp;&nbsp;&nbsp; Esta nueva canci\u00f3n, con la mezcla de los tambores de bongo y la guira raspadora, se fusion\u00f3 con la pista del trap, creando un nuevo sello en Latinoam\u00e9rica que se ha vuelto tendencia en Europa.<\/p>\n\n\n\n<p>&nbsp;&nbsp;&nbsp;&nbsp;&nbsp;&nbsp;&nbsp;&nbsp;&nbsp;&nbsp;&nbsp; Con este single, Nandy, suma un \u00e9xito m\u00e1s a su carrera, ya que durante este 2021, ha lanzado otros \u00e9xitos mes a mes como \u00abFlow y Pikete\u00bb, \u00abLa Melma\u00bb, \u00abF\u00e1cil\u00bb, \u00abBachatear contigo\u00bb, \u00abLa chuky\u00bb entre otros, as\u00ed como algunas colaboraciones especiales con artistas de la industria musical dominicana.<\/p>\n\n\n\n<p>&nbsp;&nbsp;&nbsp;&nbsp;&nbsp;&nbsp;&nbsp;&nbsp;&nbsp;&nbsp;&nbsp; Recordemos que Nandy Vers\u00e1til, durante su trayectoria como solista desde el 2019, ha trabajado de la mano con el productor musical Joselito \u00abEl mutante\u00bb y incluyendo en el featuring junto a Jiory, int\u00e9rprete destacado del g\u00e9nero, en la canci\u00f3n \u00abMam\u00e1 me lo cont\u00f3\u00bb.<\/p>\n\n\n\n<p>\u00a0\u00a0\u00a0\u00a0\u00a0\u00a0\u00a0\u00a0\u00a0\u00a0\u00a0 Para este lanzamiento, el dominicano, Nandy Vers\u00e1til, prepara una extensa promoci\u00f3n en pa\u00edses como Venezuela, Puerto Rico y su tierra natal, para llevar su m\u00fasica a otro nivel.<em>Sigue sus redes sociales como\u00a0<\/em><a rel=\"noreferrer noopener\" href=\"https:\/\/www.instagram.com\/nandyversatil\/?hl=es\" target=\"_blank\"><strong><em>@nandyversatil<\/em><\/strong><\/a><em>\u00a0y en plataformas digitales\u00a0<\/em><a rel=\"noreferrer noopener\" href=\"https:\/\/linktr.ee\/nandyversatil\" target=\"_blank\"><strong><em>Nandy Vers\u00e1til<\/em><\/strong><\/a><em>\u00a0para disfrutar de\u00a0<\/em><a rel=\"noreferrer noopener\" href=\"https:\/\/fanlink.to\/Vacaciones\" target=\"_blank\"><strong><em>\u00abVacaciones\u00bb<\/em><\/strong><\/a> <\/p>\n","protected":false},"excerpt":{"rendered":"<p>&nbsp;&nbsp;&nbsp;&nbsp;&nbsp;&nbsp;&nbsp;&nbsp;&nbsp;El cantante rapero y compositor de origen dominicano, Nandy Vers\u00e1til, lanza su \u00faltimo single \u00abVacaciones\u00bb al ritmo de la bachata caribe\u00f1a. &nbsp;&nbsp;&nbsp;&nbsp;&nbsp;&nbsp;&nbsp;&nbsp;&nbsp;&nbsp;&nbsp; \u00abVacaciones\u00bb abre el tel\u00f3n de lo que ser\u00e1 la presentaci\u00f3n de su primera placa discogr\u00e1fica con un repertorio de 18 canciones que estrenar\u00e1 &nbsp;a finales de este 2021. &nbsp;&nbsp;&nbsp;&nbsp;&nbsp;&nbsp;&nbsp;&nbsp;&nbsp;&nbsp;&nbsp; Esta nueva canci\u00f3n, con [&hellip;]<\/p>\n","protected":false},"author":7,"featured_media":0,"comment_status":"closed","ping_status":"","sticky":true,"template":"","format":"standard","meta":{"footnotes":""},"categories":[25,27],"tags":[],"class_list":["post-286893","post","type-post","status-publish","format-standard","hentry","category-gente","category-portada"],"_links":{"self":[{"href":"https:\/\/diariodominicano.com\/index.php?rest_route=\/wp\/v2\/posts\/286893","targetHints":{"allow":["GET"]}}],"collection":[{"href":"https:\/\/diariodominicano.com\/index.php?rest_route=\/wp\/v2\/posts"}],"about":[{"href":"https:\/\/diariodominicano.com\/index.php?rest_route=\/wp\/v2\/types\/post"}],"author":[{"embeddable":true,"href":"https:\/\/diariodominicano.com\/index.php?rest_route=\/wp\/v2\/users\/7"}],"replies":[{"embeddable":true,"href":"https:\/\/diariodominicano.com\/index.php?rest_route=%2Fwp%2Fv2%2Fcomments&post=286893"}],"version-history":[{"count":2,"href":"https:\/\/diariodominicano.com\/index.php?rest_route=\/wp\/v2\/posts\/286893\/revisions"}],"predecessor-version":[{"id":286980,"href":"https:\/\/diariodominicano.com\/index.php?rest_route=\/wp\/v2\/posts\/286893\/revisions\/286980"}],"wp:attachment":[{"href":"https:\/\/diariodominicano.com\/index.php?rest_route=%2Fwp%2Fv2%2Fmedia&parent=286893"}],"wp:term":[{"taxonomy":"category","embeddable":true,"href":"https:\/\/diariodominicano.com\/index.php?rest_route=%2Fwp%2Fv2%2Fcategories&post=286893"},{"taxonomy":"post_tag","embeddable":true,"href":"https:\/\/diariodominicano.com\/index.php?rest_route=%2Fwp%2Fv2%2Ftags&post=286893"}],"curies":[{"name":"wp","href":"https:\/\/api.w.org\/{rel}","templated":true}]}}