{"id":286679,"date":"2021-07-13T14:59:19","date_gmt":"2021-07-13T18:59:19","guid":{"rendered":"http:\/\/diariodominicano.com\/?p=286679"},"modified":"2021-07-13T15:24:23","modified_gmt":"2021-07-13T19:24:23","slug":"ministerio-de-turismo-construira-ciclovia-en-barahona","status":"publish","type":"post","link":"https:\/\/diariodominicano.com\/?p=286679","title":{"rendered":"Ministerio de Turismo construir\u00e1 ciclov\u00eda en Barahona"},"content":{"rendered":"\n<p>BARAHONA: A un costo de 48 millones de pesos el Ministro de Turismo,<br>David Collado, se comprometi\u00f3 ante la petici\u00f3n del alcalde Milton<br>Fern\u00e1ndez,&nbsp; asumir el proyecto de rehabilitaci\u00f3n de la carretera vieja<br>que conduce a la Playa Saladillas, y la construcci\u00f3n de la primera<br>ciclov\u00eda del Sur.<\/p>\n\n\n\n<p>El proyecto contempla convertir esa v\u00eda en un pulm\u00f3n tur\u00edstico para<br>las personas que hacen ejercicio en la ciudad, ya que tiene unos 1.9<br>km de distancia y se adapta al proyecto dise\u00f1ado.<\/p>\n\n\n\n<p>Adem\u00e1s contar\u00e1 con modernas casetas para el Cuerpo Especializado de<br>Seguridad Tur\u00edstica (Cestur), quienes tendr\u00e1n la responsabilidad de<br>mantener el orden y proteger a los ciudadanos que utilicen ese pulm\u00f3n<br>tur\u00edstico.<\/p>\n\n\n\n<p>Al conocer&nbsp; el proyecto, Collado reaccion\u00f3 entusiasmado y expres\u00f3<br>estar convencido que ser\u00e1 un aporte importante al desarrollo tur\u00edstico<br>de Barahona, y por lo tanto asumi\u00f3 el mismo, dando instrucciones a sus<br>asistentes de ponerlo en la agenda de trabajos a realizar.<\/p>\n\n\n\n<div class=\"wp-block-image is-style-default\"><figure class=\"alignleft size-large is-resized\"><img loading=\"lazy\" decoding=\"async\" src=\"https:\/\/diariodominicano.com\/wp-content\/uploads\/2021\/07\/image-12.png\" alt=\"\" class=\"wp-image-286683\" width=\"335\" height=\"198\" srcset=\"https:\/\/diariodominicano.com\/wp-content\/uploads\/2021\/07\/image-12.png 428w, https:\/\/diariodominicano.com\/wp-content\/uploads\/2021\/07\/image-12-300x177.png 300w\" sizes=\"auto, (max-width: 335px) 100vw, 335px\" \/><\/figure><\/div>\n\n\n\n<p>\u00abSe\u00f1or alcalde,&nbsp; Barahona y su gesti\u00f3n tienen un aliado m\u00e1s, en m\u00ed<br>tendr\u00e1 un apoyo para que el desarrollo tur\u00edstico de Barahona sea<br>realidad, y sobre este proyecto, lo doy por hecho\u00bb expres\u00f3 el Ministro<br>Collado.<\/p>\n\n\n\n<p>La obra, que es una iniciativa de la gesti\u00f3n que encabeza el alcalde<br>Fern\u00e1ndez, tiene un costo de unos 48 millones de pesos, pues cuenta<br>con un moderno y vanguardista dise\u00f1o, as\u00ed como \u00e1reas para los<br>diferentes tipos de ejercicios.<\/p>\n\n\n\n<p>Tambi\u00e9n, incluir\u00e1 el remozamiento total de una de las playas m\u00e1s<br>hermosas del municipio, Playa Saladillas.<\/p>\n\n\n\n<p><\/p>\n","protected":false},"excerpt":{"rendered":"<p>BARAHONA: A un costo de 48 millones de pesos el Ministro de Turismo,David Collado, se comprometi\u00f3 ante la petici\u00f3n del alcalde MiltonFern\u00e1ndez,&nbsp; asumir el proyecto de rehabilitaci\u00f3n de la carretera viejaque conduce a la Playa Saladillas, y la construcci\u00f3n de la primeraciclov\u00eda del Sur. El proyecto contempla convertir esa v\u00eda en un pulm\u00f3n tur\u00edstico paralas [&hellip;]<\/p>\n","protected":false},"author":7,"featured_media":286691,"comment_status":"closed","ping_status":"","sticky":true,"template":"","format":"standard","meta":{"footnotes":""},"categories":[20,27],"tags":[],"class_list":["post-286679","post","type-post","status-publish","format-standard","has-post-thumbnail","hentry","category-dominicana-hoy","category-portada"],"_links":{"self":[{"href":"https:\/\/diariodominicano.com\/index.php?rest_route=\/wp\/v2\/posts\/286679","targetHints":{"allow":["GET"]}}],"collection":[{"href":"https:\/\/diariodominicano.com\/index.php?rest_route=\/wp\/v2\/posts"}],"about":[{"href":"https:\/\/diariodominicano.com\/index.php?rest_route=\/wp\/v2\/types\/post"}],"author":[{"embeddable":true,"href":"https:\/\/diariodominicano.com\/index.php?rest_route=\/wp\/v2\/users\/7"}],"replies":[{"embeddable":true,"href":"https:\/\/diariodominicano.com\/index.php?rest_route=%2Fwp%2Fv2%2Fcomments&post=286679"}],"version-history":[{"count":2,"href":"https:\/\/diariodominicano.com\/index.php?rest_route=\/wp\/v2\/posts\/286679\/revisions"}],"predecessor-version":[{"id":286693,"href":"https:\/\/diariodominicano.com\/index.php?rest_route=\/wp\/v2\/posts\/286679\/revisions\/286693"}],"wp:featuredmedia":[{"embeddable":true,"href":"https:\/\/diariodominicano.com\/index.php?rest_route=\/wp\/v2\/media\/286691"}],"wp:attachment":[{"href":"https:\/\/diariodominicano.com\/index.php?rest_route=%2Fwp%2Fv2%2Fmedia&parent=286679"}],"wp:term":[{"taxonomy":"category","embeddable":true,"href":"https:\/\/diariodominicano.com\/index.php?rest_route=%2Fwp%2Fv2%2Fcategories&post=286679"},{"taxonomy":"post_tag","embeddable":true,"href":"https:\/\/diariodominicano.com\/index.php?rest_route=%2Fwp%2Fv2%2Ftags&post=286679"}],"curies":[{"name":"wp","href":"https:\/\/api.w.org\/{rel}","templated":true}]}}