{"id":286056,"date":"2021-07-10T17:19:45","date_gmt":"2021-07-10T21:19:45","guid":{"rendered":"http:\/\/diariodominicano.com\/?p=286056"},"modified":"2021-07-10T17:19:45","modified_gmt":"2021-07-10T21:19:45","slug":"primera-dama-de-haiti-culpa-a-mercenarios-por-magnicidio","status":"publish","type":"post","link":"https:\/\/diariodominicano.com\/?p=286056","title":{"rendered":"Primera dama de Hait\u00ed culpa a mercenarios por magnicidio"},"content":{"rendered":"\n<p>diariodominicano.com<\/p>\n\n\n\n<p>Puerto Pr\u00edncipe, 10 jul (Prensa Latina) La primera dama de Hait\u00ed, Martine Ethienne, culp\u00f3 hoy a los &#8216;mercenarios&#8217; de perpetrar el asesinato del presidente Jovenel Mo\u00efse, seg\u00fan un mensaje divulgado en su cuenta oficial en redes sociales.<\/p>\n\n\n\n<p><br>Ethienne asegur\u00f3 que el mandatario fue ultimado sin tener tiempo de decir una palabra y sugiri\u00f3 que el plan proviene del campo contrario, se escucha en el audio, replicado tambi\u00e9n por el secretario de Estado para la Comunicaci\u00f3n, Frantz Exantus.<\/p>\n\n\n\n<p>&#8216;Los mercenarios asesinaron al presidente, otros quieren matar su sue\u00f1o&#8217;, dijo la primera dama sin esclarecer detalles de los sucesos ocurridos en la madrugada del mi\u00e9rcoles.<\/p>\n\n\n\n<p>Asimismo, sugiri\u00f3 que el magnicidio pretend\u00eda borrar los proyectos de carreteras, agua potable, referendo constitucional y elecciones promovidas por el exjefe de Estado.<\/p>\n\n\n\n<p>Martine Ethienne recibi\u00f3 tres disparos durante el ataque y tras recibir los primeros auxilios fue trasladada a un hospital de Estados Unidos, donde permanece ingresada.<\/p>\n\n\n\n<p>La Polic\u00eda apres\u00f3 a 20 de los 28 integrantes del comando armado acusado de asesinar a Mo\u00efse, y confirm\u00f3 que 18 son ciudadanos colombianos.<\/p>\n\n\n\n<p>Para el asesor presidencial Guichard Dor\u00e9, el gobernante fue ultimado por sus ideas y proyectos de desarrollo para el pa\u00eds.<\/p>\n\n\n\n<p>&#8216;Todo lo que estaba haciendo era pedir justicia social para la gente. Quer\u00eda un Estado que no estuviera en el bolsillo de unos pocos en Puerto Pr\u00edncipe, quer\u00eda que las provincias se desarrollaran&#8217;, asegur\u00f3 el funcionario.<\/p>\n\n\n\n<p>Tras el deceso, el primer ministro interino, Claude Joseph, asumi\u00f3 el cargo al considerar aplicable el art\u00edculo 149 de la Constituci\u00f3n sobre la sucesi\u00f3n en contexto de crisis.<\/p>\n\n\n\n<p>Sin embargo, la v\u00edspera el Senado disfuncional proclam\u00f3 como presidente provisional al senador por el Sudeste Joseph Lambert e indic\u00f3 que trabajar\u00e1 para formar un gobierno de consenso.<\/p>\n\n\n\n<p>agp\/ane<\/p>\n","protected":false},"excerpt":{"rendered":"<p>diariodominicano.com Puerto Pr\u00edncipe, 10 jul (Prensa Latina) La primera dama de Hait\u00ed, Martine Ethienne, culp\u00f3 hoy a los &#8216;mercenarios&#8217; de perpetrar el asesinato del presidente Jovenel Mo\u00efse, seg\u00fan un mensaje divulgado en su cuenta oficial en redes sociales. Ethienne asegur\u00f3 que el mandatario fue ultimado sin tener tiempo de decir una palabra y sugiri\u00f3 que [&hellip;]<\/p>\n","protected":false},"author":5,"featured_media":286057,"comment_status":"closed","ping_status":"","sticky":true,"template":"","format":"standard","meta":{"footnotes":""},"categories":[23,27],"tags":[],"class_list":["post-286056","post","type-post","status-publish","format-standard","has-post-thumbnail","hentry","category-internacional","category-portada"],"_links":{"self":[{"href":"https:\/\/diariodominicano.com\/index.php?rest_route=\/wp\/v2\/posts\/286056","targetHints":{"allow":["GET"]}}],"collection":[{"href":"https:\/\/diariodominicano.com\/index.php?rest_route=\/wp\/v2\/posts"}],"about":[{"href":"https:\/\/diariodominicano.com\/index.php?rest_route=\/wp\/v2\/types\/post"}],"author":[{"embeddable":true,"href":"https:\/\/diariodominicano.com\/index.php?rest_route=\/wp\/v2\/users\/5"}],"replies":[{"embeddable":true,"href":"https:\/\/diariodominicano.com\/index.php?rest_route=%2Fwp%2Fv2%2Fcomments&post=286056"}],"version-history":[{"count":1,"href":"https:\/\/diariodominicano.com\/index.php?rest_route=\/wp\/v2\/posts\/286056\/revisions"}],"predecessor-version":[{"id":286058,"href":"https:\/\/diariodominicano.com\/index.php?rest_route=\/wp\/v2\/posts\/286056\/revisions\/286058"}],"wp:featuredmedia":[{"embeddable":true,"href":"https:\/\/diariodominicano.com\/index.php?rest_route=\/wp\/v2\/media\/286057"}],"wp:attachment":[{"href":"https:\/\/diariodominicano.com\/index.php?rest_route=%2Fwp%2Fv2%2Fmedia&parent=286056"}],"wp:term":[{"taxonomy":"category","embeddable":true,"href":"https:\/\/diariodominicano.com\/index.php?rest_route=%2Fwp%2Fv2%2Fcategories&post=286056"},{"taxonomy":"post_tag","embeddable":true,"href":"https:\/\/diariodominicano.com\/index.php?rest_route=%2Fwp%2Fv2%2Ftags&post=286056"}],"curies":[{"name":"wp","href":"https:\/\/api.w.org\/{rel}","templated":true}]}}