{"id":286046,"date":"2021-07-10T16:27:53","date_gmt":"2021-07-10T20:27:53","guid":{"rendered":"http:\/\/diariodominicano.com\/?p=286046"},"modified":"2021-07-10T16:27:53","modified_gmt":"2021-07-10T20:27:53","slug":"senado-de-haiti-proclama-a-lambert-como-presidente-provisional","status":"publish","type":"post","link":"https:\/\/diariodominicano.com\/?p=286046","title":{"rendered":"Senado de Hait\u00ed proclama a Lambert como presidente provisional"},"content":{"rendered":"\n<p>diariodominicano.com<\/p>\n\n\n\n<p>Puerto Pr\u00edncipe, 10 jul (Prensa Latina) El Senado de Hait\u00ed, disfuncional desde enero de 2020, proclam\u00f3 como presidente a Joseph Lambert, y descart\u00f3 que el primer ministro en funciones Claude Joseph estuviese al frente del pa\u00eds.<\/p>\n\n\n\n<p><br>En una declaraci\u00f3n firmada por los 10 senadores cuyo mandato a\u00fan es v\u00e1lido anunciaron que Lambert se juramentar\u00e1 como presidente provisional y luego promover\u00e1 un acuerdo entre las fuerzas del pa\u00eds para establecer un Gobierno de consenso.<\/p>\n\n\n\n<p>Los ocho senadores que votaron a favor de la declaraci\u00f3n, tambi\u00e9n indicaron la constituci\u00f3n de un nuevo Consejo Electoral Provisional, para organizar sufragios generales en el menor tiempo posible.<\/p>\n\n\n\n<p>El neurocirujano Ariel Henry, primer ministro designado d\u00edas antes del asesinato de Mo\u00efse, deber\u00e1 secundar a Lambert en la nueva administraci\u00f3n, que ya recibi\u00f3 el visto bueno de partidos influyentes como el Tet Kal\u00e9, mismo por el cual arribaron a la presidencia Jovenel Moise y Michel Martelly.<\/p>\n\n\n\n<p>Joseph a\u00fan no se pronunci\u00f3 sobre la designaci\u00f3n del Senado, cuya incidencia en la vida pol\u00edtica del pa\u00eds es casi inexistente desde el pasado a\u00f1o.<\/p>\n\n\n\n<p>El titular contin\u00faa recibiendo el apoyo de la comunidad internacional, en especial de Naciones Unidas, tras su promesa de celebrar las elecciones generales en septiembre pr\u00f3ximo y alcanzar acuerdos con los sectores nacionales.<\/p>\n\n\n\n<p>Mientras la crisis pol\u00edtica y gubernamental se agranda, la Polic\u00eda avanza en la captura de los sospechosos del asesinato del mandatario, y este viernes confirm\u00f3 el arresto de 20 de los 28 presuntos implicados.<\/p>\n\n\n\n<p>A\u00fan cinco individuos contin\u00faan pr\u00f3fugos y otros tres murieron durante los enfrentamientos con las fuerzas del orden.<\/p>\n\n\n\n<p>jha\/ane<\/p>\n","protected":false},"excerpt":{"rendered":"<p>diariodominicano.com Puerto Pr\u00edncipe, 10 jul (Prensa Latina) El Senado de Hait\u00ed, disfuncional desde enero de 2020, proclam\u00f3 como presidente a Joseph Lambert, y descart\u00f3 que el primer ministro en funciones Claude Joseph estuviese al frente del pa\u00eds. En una declaraci\u00f3n firmada por los 10 senadores cuyo mandato a\u00fan es v\u00e1lido anunciaron que Lambert se juramentar\u00e1 [&hellip;]<\/p>\n","protected":false},"author":5,"featured_media":286047,"comment_status":"closed","ping_status":"","sticky":true,"template":"","format":"standard","meta":{"footnotes":""},"categories":[23,27],"tags":[],"class_list":["post-286046","post","type-post","status-publish","format-standard","has-post-thumbnail","hentry","category-internacional","category-portada"],"_links":{"self":[{"href":"https:\/\/diariodominicano.com\/index.php?rest_route=\/wp\/v2\/posts\/286046","targetHints":{"allow":["GET"]}}],"collection":[{"href":"https:\/\/diariodominicano.com\/index.php?rest_route=\/wp\/v2\/posts"}],"about":[{"href":"https:\/\/diariodominicano.com\/index.php?rest_route=\/wp\/v2\/types\/post"}],"author":[{"embeddable":true,"href":"https:\/\/diariodominicano.com\/index.php?rest_route=\/wp\/v2\/users\/5"}],"replies":[{"embeddable":true,"href":"https:\/\/diariodominicano.com\/index.php?rest_route=%2Fwp%2Fv2%2Fcomments&post=286046"}],"version-history":[{"count":1,"href":"https:\/\/diariodominicano.com\/index.php?rest_route=\/wp\/v2\/posts\/286046\/revisions"}],"predecessor-version":[{"id":286048,"href":"https:\/\/diariodominicano.com\/index.php?rest_route=\/wp\/v2\/posts\/286046\/revisions\/286048"}],"wp:featuredmedia":[{"embeddable":true,"href":"https:\/\/diariodominicano.com\/index.php?rest_route=\/wp\/v2\/media\/286047"}],"wp:attachment":[{"href":"https:\/\/diariodominicano.com\/index.php?rest_route=%2Fwp%2Fv2%2Fmedia&parent=286046"}],"wp:term":[{"taxonomy":"category","embeddable":true,"href":"https:\/\/diariodominicano.com\/index.php?rest_route=%2Fwp%2Fv2%2Fcategories&post=286046"},{"taxonomy":"post_tag","embeddable":true,"href":"https:\/\/diariodominicano.com\/index.php?rest_route=%2Fwp%2Fv2%2Ftags&post=286046"}],"curies":[{"name":"wp","href":"https:\/\/api.w.org\/{rel}","templated":true}]}}