{"id":285877,"date":"2021-07-09T12:02:20","date_gmt":"2021-07-09T16:02:20","guid":{"rendered":"http:\/\/diariodominicano.com\/?p=285877"},"modified":"2021-07-10T03:22:56","modified_gmt":"2021-07-10T07:22:56","slug":"nader-enterprises-y-fiduciaria-universal-estructuraran-diversos-fideicomisos-para-el-desarrollo-de-proyectos-inmobiliarios-en-miches","status":"publish","type":"post","link":"https:\/\/diariodominicano.com\/?p=285877","title":{"rendered":"Nader Enterprises y Fiduciaria Universal estructurar\u00e1n diversos fideicomisos para el desarrollo de proyectos inmobiliarios en Miches"},"content":{"rendered":"\n<p> <em>La primera fase del proyecto \u201cMaralda\u201d contemplar\u00e1 una inversi\u00f3n de m\u00e1s 140 millones de d\u00f3lares, con la cual se crear\u00e1n m\u00e1s de 2,000 empleos directos durante la construcci\u00f3n y 800 m\u00e1s durante la operaci\u00f3n.<\/em><\/p>\n\n\n\n<p><strong>Santo Domingo, Rep\u00fablica Dominicana<\/strong>. \u2013 Nader Enterprises y Fiduciaria Universal firmaron un acuerdo para estructurar y poner en marcha diversos fideicomisos de inversi\u00f3n y desarrollo con el fin de impulsar proyectos tur\u00edsticos inmobiliarios en Miches y as\u00ed apoyar el crecimiento del nuevo polo tur\u00edstico del pa\u00eds.<\/p>\n\n\n\n<p>El primero de estos proyectos es \u201cMaralda\u201d, un desarrollo concebido por Nader Enterprises que se ejecutar\u00e1 en siete fases, el cual cuenta con licencia ambiental y la \u201cno objeci\u00f3n\u201d del Ministerio de Turismo para la construcci\u00f3n de m\u00e1s de 27 mil habitaciones hoteleras y residenciales en un terreno de ocho millones de metros cuadrados ubicados en Costa Esmeralda, Miches. El monto de inversi\u00f3n, en la primera fase del proyecto, se calcula en 140 millones de d\u00f3lares y creara m\u00e1s de 2,000 empleos directos durante la construcci\u00f3n y 800 m\u00e1s durante la operaci\u00f3n.<\/p>\n\n\n\n<div class=\"wp-block-image is-style-default\"><figure class=\"alignright is-resized\"><img loading=\"lazy\" decoding=\"async\" src=\"https:\/\/mail.google.com\/mail\/u\/0?ui=2&amp;ik=624f457a1b&amp;attid=0.0.2&amp;permmsgid=msg-f:1704816615966243080&amp;th=17a8b9ae01d9f908&amp;view=fimg&amp;sz=s0-l75-ft&amp;attbid=ANGjdJ-0wNoD7rTXQYdKC6m_Ee3C5h8M-qkArpynZf-npjZGs1KeHdW3O6n6d_8kHsu9tGnx6Az9tclUq13dgbqCesozdZsR5nEr_QX6ZB8ux9A25zVatMYcdxd5t5w&amp;disp=emb&amp;realattid=ii_kqweugf23\" alt=\"Logo Maralda.png\" width=\"258\" height=\"178\"\/><\/figure><\/div>\n\n\n\n<p>Esta alianza apoyar\u00e1 el desarrollo de Miches como el nuevo destino tur\u00edstico modelo por su propuesta innovadora y sostenible, tanto en su oferta residencial y tur\u00edstica como en las estructuras financieras, a trav\u00e9s de las cuales se aportar\u00e1 el capital para el desarrollo de este megaproyecto, manifest\u00f3 George Alexander Nader, CEO de Nader Enterprises. \u201c<em>La confianza y transparencia que brindan los fideicomisos para todas las partes involucradas en las transacciones nos motivan a desarrollar nuestros proyectos bajo estos esquemas y as\u00ed ofrecer seguridad a los compradores, inversionistas, entidades financieras y, en un futuro, al Mercado de Valores.<\/em>\u201d<\/p>\n\n\n\n<div class=\"wp-block-image is-style-default\"><figure class=\"alignleft size-large\"><img loading=\"lazy\" decoding=\"async\" width=\"717\" height=\"1024\" src=\"https:\/\/diariodominicano.com\/wp-content\/uploads\/2021\/07\/Proyecto-Maralda-3-717x1024.jpg\" alt=\"\" class=\"wp-image-286042\" srcset=\"https:\/\/diariodominicano.com\/wp-content\/uploads\/2021\/07\/Proyecto-Maralda-3-717x1024.jpg 717w, https:\/\/diariodominicano.com\/wp-content\/uploads\/2021\/07\/Proyecto-Maralda-3-210x300.jpg 210w, https:\/\/diariodominicano.com\/wp-content\/uploads\/2021\/07\/Proyecto-Maralda-3-768x1097.jpg 768w, https:\/\/diariodominicano.com\/wp-content\/uploads\/2021\/07\/Proyecto-Maralda-3-1075x1536.jpg 1075w, https:\/\/diariodominicano.com\/wp-content\/uploads\/2021\/07\/Proyecto-Maralda-3-1433x2048.jpg 1433w, https:\/\/diariodominicano.com\/wp-content\/uploads\/2021\/07\/Proyecto-Maralda-3-816x1166.jpg 816w, https:\/\/diariodominicano.com\/wp-content\/uploads\/2021\/07\/Proyecto-Maralda-3-scaled.jpg 1792w\" sizes=\"auto, (max-width: 717px) 100vw, 717px\" \/><\/figure><\/div>\n\n\n\n<p>Por su lado, Roberto Mill\u00e1n, vicepresidente ejecutivo de Fiduciaria Universal expres\u00f3 que en su constante inter\u00e9s de generar estructuras de fideicomisos para apoyar el desarrollo de iniciativas que evolucionen y potencien industrias o zonas geogr\u00e1ficas, se sienten altamente satisfechos al ver empresas como Nader Enterprises que conf\u00edan en la capacidad, experiencia e innovaci\u00f3n de la Fiduciaria. \u201c<em>El alto impacto social, econ\u00f3mico y ambiental que aportar\u00e1n estos proyectos va en consonancia con los compromisos y las metas del pa\u00eds en materia de desarrollo sostenible<\/em>\u00a0<em>y nos enorgullece acompa\u00f1ar a Nader Enterprises en este visionario emprendimiento, como parte del grupo de empresarios que apuesta por el desarrollo de Miches.\u201d<\/em> <\/p>\n\n\n\n<p>Con estas estructuras fiduciarias se busca brindar mayor seguridad jur\u00eddica y econ\u00f3mica a todas las partes involucradas para la promoci\u00f3n de la inversi\u00f3n privada, el desarrollo y la gesti\u00f3n de activos con la creaci\u00f3n de diversos instrumentos financieros que, eventualmente, podr\u00e1n ser aprovechados por inversionistas institucionales e individuales para preservar y hacer crecer su patrimonio al tiempo que contribuyen con el desarrollo de un nuevo polo tur\u00edstico.<\/p>\n\n\n\n<p><strong>Sobre Fiduciaria Universal<\/strong><\/p>\n\n\n\n<p>Fiduciaria Universal es filial de Grupo Universal y tiene como principal objetivo apoyar y acompa\u00f1ar a sus clientes en el desarrollo, administraci\u00f3n y protecci\u00f3n de sus proyectos y activos, tanto personales&nbsp;como empresariales, de manera aut\u00f3noma, flexible, eficiente, innovadora y comprometida con el presente y futuro.<\/p>\n\n\n\n<p>Cuenta con un equipo de profesionales de vasta experiencia en el mercado fiduciario y financiero, tanto nacional como internacional y el respaldo, solidez y experiencia que ha caracterizado el Grupo Universal durante&nbsp;sus m\u00e1s de 55 a\u00f1os en el sector financiero y de seguros.<\/p>\n\n\n\n<p><strong>Sobre Nader Enterprises<\/strong><\/p>\n\n\n\n<p>Nader Enterprises es una firma dedicada a invertir, desarrollar y gestionar activos en las \u00e1reas comercial, residencial, tur\u00edstica y agr\u00edcola; fundada en el a\u00f1o 2006 por George Alexander Nader. La empresa tiene como prop\u00f3sito generar valor para sus inversionistas y asociados al identificar, estructurar, desarrollar y gestionar empresas, proyectos e inversiones con un enfoque prioritario en el sector inmobiliario. <\/p>\n\n\n\n<figure class=\"wp-block-embed is-type-video is-provider-youtube wp-block-embed-youtube wp-embed-aspect-16-9 wp-has-aspect-ratio\"><div class=\"wp-block-embed__wrapper\">\nhttps:\/\/youtu.be\/GOt8zwRNk6A\n<\/div><\/figure>\n\n\n\n<p><\/p>\n","protected":false},"excerpt":{"rendered":"<p>La primera fase del proyecto \u201cMaralda\u201d contemplar\u00e1 una inversi\u00f3n de m\u00e1s 140 millones de d\u00f3lares, con la cual se crear\u00e1n m\u00e1s de 2,000 empleos directos durante la construcci\u00f3n y 800 m\u00e1s durante la operaci\u00f3n. Santo Domingo, Rep\u00fablica Dominicana. \u2013 Nader Enterprises y Fiduciaria Universal firmaron un acuerdo para estructurar y poner en marcha diversos fideicomisos [&hellip;]<\/p>\n","protected":false},"author":7,"featured_media":286029,"comment_status":"closed","ping_status":"","sticky":true,"template":"","format":"standard","meta":{"footnotes":""},"categories":[18,27],"tags":[],"class_list":["post-285877","post","type-post","status-publish","format-standard","has-post-thumbnail","hentry","category-economia","category-portada"],"_links":{"self":[{"href":"https:\/\/diariodominicano.com\/index.php?rest_route=\/wp\/v2\/posts\/285877","targetHints":{"allow":["GET"]}}],"collection":[{"href":"https:\/\/diariodominicano.com\/index.php?rest_route=\/wp\/v2\/posts"}],"about":[{"href":"https:\/\/diariodominicano.com\/index.php?rest_route=\/wp\/v2\/types\/post"}],"author":[{"embeddable":true,"href":"https:\/\/diariodominicano.com\/index.php?rest_route=\/wp\/v2\/users\/7"}],"replies":[{"embeddable":true,"href":"https:\/\/diariodominicano.com\/index.php?rest_route=%2Fwp%2Fv2%2Fcomments&post=285877"}],"version-history":[{"count":5,"href":"https:\/\/diariodominicano.com\/index.php?rest_route=\/wp\/v2\/posts\/285877\/revisions"}],"predecessor-version":[{"id":286043,"href":"https:\/\/diariodominicano.com\/index.php?rest_route=\/wp\/v2\/posts\/285877\/revisions\/286043"}],"wp:featuredmedia":[{"embeddable":true,"href":"https:\/\/diariodominicano.com\/index.php?rest_route=\/wp\/v2\/media\/286029"}],"wp:attachment":[{"href":"https:\/\/diariodominicano.com\/index.php?rest_route=%2Fwp%2Fv2%2Fmedia&parent=285877"}],"wp:term":[{"taxonomy":"category","embeddable":true,"href":"https:\/\/diariodominicano.com\/index.php?rest_route=%2Fwp%2Fv2%2Fcategories&post=285877"},{"taxonomy":"post_tag","embeddable":true,"href":"https:\/\/diariodominicano.com\/index.php?rest_route=%2Fwp%2Fv2%2Ftags&post=285877"}],"curies":[{"name":"wp","href":"https:\/\/api.w.org\/{rel}","templated":true}]}}