{"id":285619,"date":"2021-07-08T00:29:08","date_gmt":"2021-07-08T04:29:08","guid":{"rendered":"http:\/\/diariodominicano.com\/?p=285619"},"modified":"2021-07-08T00:30:29","modified_gmt":"2021-07-08T04:30:29","slug":"las-autoridades-amplian-las-investigaciones-que-encabeza-el-ministerio-publico","status":"publish","type":"post","link":"https:\/\/diariodominicano.com\/?p=285619","title":{"rendered":"Las autoridades ampl\u00edan las investigaciones que encabeza el Ministerio P\u00fablico"},"content":{"rendered":"\n<p>Santiago RD, 08 de julio 2021.- Nuestra Polic\u00eda Nacional inform\u00f3 que arrest\u00f3 a tres de los implicados en el homicidio de un hombre en el sector Los Platanitos, en un hecho que ocurri\u00f3 el domingo de la semana pasada, en medio de un conflicto motivado a viejas rencillas personales, y relacionado a diferencias entre grupos que se disputan la venta y distribuci\u00f3n de sustancias controladas en el sector.<\/p>\n\n\n\n<p>Se trata&nbsp;<strong>de Wesly Miguel Cabrera P\u00e9rez<\/strong>, de 25 a\u00f1os y Jos\u00e9&nbsp;<strong>Miguel Bruno alias Pichinga<\/strong>,&nbsp; quienes&nbsp; fueron arrestados por la muerte de&nbsp;<strong>Joherison Miguel J\u00e1quez Rodr\u00edguez<\/strong>, de 25 a\u00f1os.<\/p>\n\n\n\n<p>Se recuerda que anteriormente por dicho caso fue apresado y sometido a la acci\u00f3n de la justicia el nombrado&nbsp;<strong>Ariel Gregorio<\/strong>&nbsp;Salcedo Mena, alias El Gordo, de 22 a\u00f1os.<\/p>\n\n\n\n<p>En tanto que, siguen siendo buscados unos tales&nbsp;<strong>Enyelue Cabrera<\/strong>&nbsp;<strong>P\u00e9rez, Romi Manuel Cabrera P\u00e9rez<\/strong>, as\u00ed como a unos tales&nbsp;<strong>Roelmy y Mandraque<\/strong>, a quienes la polic\u00eda les reitera el llamado a que se entreguen para ser puestos a disposici\u00f3n de la justicia.<\/p>\n\n\n\n<p>Dicho suceso est\u00e1 vinculado a un ajuste de cuentas por el homicidio de Gregoris Antonio Sosa, alias El Mata Gato, de 20 a\u00f1os, ocurrido en fecha 03-05-2021, por cuyo caso es buscado el nombrado&nbsp;<strong>Ambiorix Rosario Castillo<\/strong>, alias Ambiorito, de 29 a\u00f1os, a quien tambi\u00e9n la polic\u00eda le hizo el llamado a que se entregue, ya que varios equipos especializados de la Polic\u00eda Nacional est\u00e1n tras la captura de los pr\u00f3fugos para apresarlo y someterlos a la acci\u00f3n de la justicia, a trav\u00e9s del Ministerio Publico.<\/p>\n\n\n\n<p>SUBDIRECCI\u00d3N DE COMUNICACIONES ESTRATEGICAS DE LA POLICIA NACIONAL, DIRECCI\u00d3N REGIONAL CIBAO CENTRAL.<\/p>\n","protected":false},"excerpt":{"rendered":"<p>Santiago RD, 08 de julio 2021.- Nuestra Polic\u00eda Nacional inform\u00f3 que arrest\u00f3 a tres de los implicados en el homicidio de un hombre en el sector Los Platanitos, en un hecho que ocurri\u00f3 el domingo de la semana pasada, en medio de un conflicto motivado a viejas rencillas personales, y relacionado a diferencias entre grupos [&hellip;]<\/p>\n","protected":false},"author":7,"featured_media":269717,"comment_status":"closed","ping_status":"","sticky":true,"template":"","format":"standard","meta":{"footnotes":""},"categories":[24,27],"tags":[],"class_list":["post-285619","post","type-post","status-publish","format-standard","has-post-thumbnail","hentry","category-justicia-y-derecho","category-portada"],"_links":{"self":[{"href":"https:\/\/diariodominicano.com\/index.php?rest_route=\/wp\/v2\/posts\/285619","targetHints":{"allow":["GET"]}}],"collection":[{"href":"https:\/\/diariodominicano.com\/index.php?rest_route=\/wp\/v2\/posts"}],"about":[{"href":"https:\/\/diariodominicano.com\/index.php?rest_route=\/wp\/v2\/types\/post"}],"author":[{"embeddable":true,"href":"https:\/\/diariodominicano.com\/index.php?rest_route=\/wp\/v2\/users\/7"}],"replies":[{"embeddable":true,"href":"https:\/\/diariodominicano.com\/index.php?rest_route=%2Fwp%2Fv2%2Fcomments&post=285619"}],"version-history":[{"count":1,"href":"https:\/\/diariodominicano.com\/index.php?rest_route=\/wp\/v2\/posts\/285619\/revisions"}],"predecessor-version":[{"id":285624,"href":"https:\/\/diariodominicano.com\/index.php?rest_route=\/wp\/v2\/posts\/285619\/revisions\/285624"}],"wp:featuredmedia":[{"embeddable":true,"href":"https:\/\/diariodominicano.com\/index.php?rest_route=\/wp\/v2\/media\/269717"}],"wp:attachment":[{"href":"https:\/\/diariodominicano.com\/index.php?rest_route=%2Fwp%2Fv2%2Fmedia&parent=285619"}],"wp:term":[{"taxonomy":"category","embeddable":true,"href":"https:\/\/diariodominicano.com\/index.php?rest_route=%2Fwp%2Fv2%2Fcategories&post=285619"},{"taxonomy":"post_tag","embeddable":true,"href":"https:\/\/diariodominicano.com\/index.php?rest_route=%2Fwp%2Fv2%2Ftags&post=285619"}],"curies":[{"name":"wp","href":"https:\/\/api.w.org\/{rel}","templated":true}]}}