{"id":285164,"date":"2021-07-05T22:05:30","date_gmt":"2021-07-06T02:05:30","guid":{"rendered":"http:\/\/diariodominicano.com\/?p=285164"},"modified":"2021-07-05T22:05:30","modified_gmt":"2021-07-06T02:05:30","slug":"presidente-de-brasil-prorroga-por-tres-meses-ayuda-de-emergencia-a-vulnerables-por-la-pandemia","status":"publish","type":"post","link":"https:\/\/diariodominicano.com\/?p=285164","title":{"rendered":"Presidente de Brasil prorroga por tres meses ayuda de emergencia a vulnerables por la pandemia"},"content":{"rendered":"\n<p>diariodominicano.com<\/p>\n\n\n\n<pre id=\"text-news-description\" class=\"wp-block-preformatted\">  SAO PAULO, 5 jul (Xinhua) -- El presidente de Brasil, Jair Bolsonaro, firm\u00f3 este lunes un decreto por el cual se prorroga por tres meses la ayuda de emergencia por la pandemia a la poblaci\u00f3n m\u00e1s vulnerable y los trabajadores informales, que cubre a 40 millones de personas.\n   La firma se realiz\u00f3 en un acto encabezado por Bolsonaro, quien adelant\u00f3 que esta ayuda debe estar seguida por una reformulaci\u00f3n de los programas sociales permanentes para 2022.\n   \"Estamos prorrogando el auxilio de emergencia por tres meses\", dijo Bolsonaro en un video divulgado por la Presidencia de la Rep\u00fablica.\n   El auxilio es cercano a los 250 reales mensuales en promedio por familia, unos 50 d\u00f3lares.\n   Brasil es el segundo pa\u00eds en muertes por la pandemia detr\u00e1s de Estados Unidos y gran parte del pa\u00eds tuvo sus actividades econ\u00f3micas reducidas en el primer semestre con motivo de cuarentenas y toques de queda nocturnos para evitar la circulaci\u00f3n del virus y el colapso hospitalario.<\/pre>\n","protected":false},"excerpt":{"rendered":"<p>diariodominicano.com SAO PAULO, 5 jul (Xinhua) &#8212; El presidente de Brasil, Jair Bolsonaro, firm\u00f3 este lunes un decreto por el cual se prorroga por tres meses la ayuda de emergencia por la pandemia a la poblaci\u00f3n m\u00e1s vulnerable y los trabajadores informales, que cubre a 40 millones de personas. La firma se realiz\u00f3 en un [&hellip;]<\/p>\n","protected":false},"author":5,"featured_media":285165,"comment_status":"closed","ping_status":"","sticky":true,"template":"","format":"standard","meta":{"footnotes":""},"categories":[23,27],"tags":[],"class_list":["post-285164","post","type-post","status-publish","format-standard","has-post-thumbnail","hentry","category-internacional","category-portada"],"_links":{"self":[{"href":"https:\/\/diariodominicano.com\/index.php?rest_route=\/wp\/v2\/posts\/285164","targetHints":{"allow":["GET"]}}],"collection":[{"href":"https:\/\/diariodominicano.com\/index.php?rest_route=\/wp\/v2\/posts"}],"about":[{"href":"https:\/\/diariodominicano.com\/index.php?rest_route=\/wp\/v2\/types\/post"}],"author":[{"embeddable":true,"href":"https:\/\/diariodominicano.com\/index.php?rest_route=\/wp\/v2\/users\/5"}],"replies":[{"embeddable":true,"href":"https:\/\/diariodominicano.com\/index.php?rest_route=%2Fwp%2Fv2%2Fcomments&post=285164"}],"version-history":[{"count":1,"href":"https:\/\/diariodominicano.com\/index.php?rest_route=\/wp\/v2\/posts\/285164\/revisions"}],"predecessor-version":[{"id":285166,"href":"https:\/\/diariodominicano.com\/index.php?rest_route=\/wp\/v2\/posts\/285164\/revisions\/285166"}],"wp:featuredmedia":[{"embeddable":true,"href":"https:\/\/diariodominicano.com\/index.php?rest_route=\/wp\/v2\/media\/285165"}],"wp:attachment":[{"href":"https:\/\/diariodominicano.com\/index.php?rest_route=%2Fwp%2Fv2%2Fmedia&parent=285164"}],"wp:term":[{"taxonomy":"category","embeddable":true,"href":"https:\/\/diariodominicano.com\/index.php?rest_route=%2Fwp%2Fv2%2Fcategories&post=285164"},{"taxonomy":"post_tag","embeddable":true,"href":"https:\/\/diariodominicano.com\/index.php?rest_route=%2Fwp%2Fv2%2Ftags&post=285164"}],"curies":[{"name":"wp","href":"https:\/\/api.w.org\/{rel}","templated":true}]}}