{"id":285096,"date":"2021-07-05T13:18:34","date_gmt":"2021-07-05T17:18:34","guid":{"rendered":"http:\/\/diariodominicano.com\/?p=285096"},"modified":"2021-07-05T13:18:34","modified_gmt":"2021-07-05T17:18:34","slug":"sube-a-52-cifra-de-muertos-por-caida-de-avion-militar-en-filipinas-ordenan-investigacion-completa","status":"publish","type":"post","link":"https:\/\/diariodominicano.com\/?p=285096","title":{"rendered":"Sube a 52 cifra de muertos por ca\u00edda de avi\u00f3n militar en Filipinas, ordenan investigaci\u00f3n completa"},"content":{"rendered":"\n<p>diariodominicano.com<a rel=\"noreferrer noopener\" href=\"http:\/\/home.xinhua-news.com\/gdsdetailxhs\/share\/9625457-?pageflag=iframe\" target=\"_blank\"><\/a><\/p>\n\n\n\n<pre id=\"text-news-description\" class=\"wp-block-preformatted\">   MANILA, 5 jul (Xinhua) -- El n\u00famero de muertos por la ca\u00edda de un avi\u00f3n militar en el sur de Filipinas se elev\u00f3 a 52 luego de que otros dos soldados heridos de gravedad murieron en el hospital, dijo hoy lunes el secretario de Defensa filipino, Delfin Lorenzana.\n   Los 96 pasajeros y tripulantes del avi\u00f3n C-130H que se estrell\u00f3 antes de mediod\u00eda del domingo en la isla de Jolo en la provincia de Sulu, han sido localizados, indic\u00f3 el Departamento de Defensa Nacional, que inicialmente inform\u00f3 que 49 soldados perdieron la vida y 47 resultaron heridos.\n   Lorenzana dijo que tambi\u00e9n murieron tres civiles en tierra y otros cuatro sufrieron heridas.\n  Algunos de los soldados gravemente heridos fueron trasladados por aire a la ciudad de Zamboanga desde Sulu.\n   Lorenzana ya orden\u00f3 una \"investigaci\u00f3n completa\" sobre el siniestro \"en cuanto concluya la operaci\u00f3n de rescate y recuperaci\u00f3n\".\n   El general de divisi\u00f3n Edgard Ar\u00e9valo, portavoz de las Fuerzas Armadas de Filipinas, mencion\u00f3 en una conferencia de prensa en l\u00ednea que las operaciones de recuperaci\u00f3n de partes del avi\u00f3n, incluida la caja negra que registra los datos de vuelo, contin\u00faan en el sitio del accidente, y que un equipo de investigaci\u00f3n ha llegado a Sulu.\n   El avi\u00f3n transportaba personal militar reci\u00e9n entrenado cuando se estrell\u00f3 y se incendi\u00f3 despu\u00e9s de salirse de la pista de aterrizaje alrededor de las 11:30 hora local del domingo.\n   Minutos despu\u00e9s del accidente, militares y voluntarios civiles acudieron de inmediato al lugar para la b\u00fasqueda y rescate. \"Algunos testigos vieron a varios soldados saltar del avi\u00f3n antes de que se desplomara en tierra, salv\u00e1ndose de la explosi\u00f3n causada por el choque\", dijo el ej\u00e9rcito.\n   Ar\u00e9valo se\u00f1al\u00f3 que algunos de los soldados que murieron quedaron severamente calcinados, dificultando su identificaci\u00f3n.\n   El percance del avi\u00f3n C-130H es uno de los \"incidentes m\u00e1s tr\u00e1gicos\" ocurridos en las fuerzas armadas.<\/pre>\n","protected":false},"excerpt":{"rendered":"<p>diariodominicano.com MANILA, 5 jul (Xinhua) &#8212; El n\u00famero de muertos por la ca\u00edda de un avi\u00f3n militar en el sur de Filipinas se elev\u00f3 a 52 luego de que otros dos soldados heridos de gravedad murieron en el hospital, dijo hoy lunes el secretario de Defensa filipino, Delfin Lorenzana. Los 96 pasajeros y tripulantes del [&hellip;]<\/p>\n","protected":false},"author":5,"featured_media":285097,"comment_status":"closed","ping_status":"","sticky":true,"template":"","format":"standard","meta":{"footnotes":""},"categories":[23,27],"tags":[],"class_list":["post-285096","post","type-post","status-publish","format-standard","has-post-thumbnail","hentry","category-internacional","category-portada"],"_links":{"self":[{"href":"https:\/\/diariodominicano.com\/index.php?rest_route=\/wp\/v2\/posts\/285096","targetHints":{"allow":["GET"]}}],"collection":[{"href":"https:\/\/diariodominicano.com\/index.php?rest_route=\/wp\/v2\/posts"}],"about":[{"href":"https:\/\/diariodominicano.com\/index.php?rest_route=\/wp\/v2\/types\/post"}],"author":[{"embeddable":true,"href":"https:\/\/diariodominicano.com\/index.php?rest_route=\/wp\/v2\/users\/5"}],"replies":[{"embeddable":true,"href":"https:\/\/diariodominicano.com\/index.php?rest_route=%2Fwp%2Fv2%2Fcomments&post=285096"}],"version-history":[{"count":1,"href":"https:\/\/diariodominicano.com\/index.php?rest_route=\/wp\/v2\/posts\/285096\/revisions"}],"predecessor-version":[{"id":285098,"href":"https:\/\/diariodominicano.com\/index.php?rest_route=\/wp\/v2\/posts\/285096\/revisions\/285098"}],"wp:featuredmedia":[{"embeddable":true,"href":"https:\/\/diariodominicano.com\/index.php?rest_route=\/wp\/v2\/media\/285097"}],"wp:attachment":[{"href":"https:\/\/diariodominicano.com\/index.php?rest_route=%2Fwp%2Fv2%2Fmedia&parent=285096"}],"wp:term":[{"taxonomy":"category","embeddable":true,"href":"https:\/\/diariodominicano.com\/index.php?rest_route=%2Fwp%2Fv2%2Fcategories&post=285096"},{"taxonomy":"post_tag","embeddable":true,"href":"https:\/\/diariodominicano.com\/index.php?rest_route=%2Fwp%2Fv2%2Ftags&post=285096"}],"curies":[{"name":"wp","href":"https:\/\/api.w.org\/{rel}","templated":true}]}}