{"id":284941,"date":"2021-07-04T16:29:53","date_gmt":"2021-07-04T20:29:53","guid":{"rendered":"http:\/\/diariodominicano.com\/?p=284941"},"modified":"2021-07-04T16:29:53","modified_gmt":"2021-07-04T20:29:53","slug":"agricultura-acudira-en-auxilio-de-productores-del-sur-afectados-por-tormenta-elsa","status":"publish","type":"post","link":"https:\/\/diariodominicano.com\/?p=284941","title":{"rendered":"Agricultura acudir\u00e1 en auxilio de productores del Sur afectados por tormenta Elsa"},"content":{"rendered":"\n<p>diariodominicano.com<\/p>\n\n\n\n<p>Santo Domingo, R. D., 4 de julio, 2021.- El Ministerio de Agricultura acudir\u00e1 en las pr\u00f3ximas horas en auxilio de los productores de diversos rubros y renglones agr\u00edcolas de las regiones Sur y Suroeste del pa\u00eds, afectados por la tormenta Elsa.<\/p>\n\n\n\n<p><br>Equipos como tractores, palas mec\u00e1nicas, buld\u00f3cer y personal operativo se encuentran desde el pasado viernes en Peravia, Azua, Barahona, San Juan, Pedernales, Independencia y Bahoruco, enviados preventivamente a esos lugares.<\/p>\n\n\n\n<p><br>El ministro de Agricultura, Limber Cruz, dispuso la ma\u00f1ana de este domingo, a trav\u00e9s de sus direcciones regionales y zonales, la evaluaci\u00f3n de los da\u00f1os en la agricultura al tiempo que desarrolla un operativo de limpieza de canales de riego, muros de contenci\u00f3n y rehabilitaci\u00f3n de los caminos vecinales.<\/p>\n\n\n\n<p><br>A las zonas cafetaleras la entidad envi\u00f3 un equipo con motosierras para cortar escombros y \u00e1rboles derribados por los vientos.<\/p>\n\n\n\n<p><br>El plan de recuperaci\u00f3n de las zonas afectadas se desarrolla en varias fases, primero, la prevenci\u00f3n de desastres, el env\u00edo de maquinarias para facilitar el acceso a las zonas agr\u00edcolas y tras el paso del fen\u00f3meno natural, asistir a los productores en materia econ\u00f3mica y t\u00e9cnica.<\/p>\n\n\n\n<p>Fuente:  <strong>Prensa Agricultura<\/strong><br><\/p>\n","protected":false},"excerpt":{"rendered":"<p>diariodominicano.com Santo Domingo, R. D., 4 de julio, 2021.- El Ministerio de Agricultura acudir\u00e1 en las pr\u00f3ximas horas en auxilio de los productores de diversos rubros y renglones agr\u00edcolas de las regiones Sur y Suroeste del pa\u00eds, afectados por la tormenta Elsa. Equipos como tractores, palas mec\u00e1nicas, buld\u00f3cer y personal operativo se encuentran desde el [&hellip;]<\/p>\n","protected":false},"author":5,"featured_media":284942,"comment_status":"closed","ping_status":"","sticky":true,"template":"","format":"standard","meta":{"footnotes":""},"categories":[20,27],"tags":[],"class_list":["post-284941","post","type-post","status-publish","format-standard","has-post-thumbnail","hentry","category-dominicana-hoy","category-portada"],"_links":{"self":[{"href":"https:\/\/diariodominicano.com\/index.php?rest_route=\/wp\/v2\/posts\/284941","targetHints":{"allow":["GET"]}}],"collection":[{"href":"https:\/\/diariodominicano.com\/index.php?rest_route=\/wp\/v2\/posts"}],"about":[{"href":"https:\/\/diariodominicano.com\/index.php?rest_route=\/wp\/v2\/types\/post"}],"author":[{"embeddable":true,"href":"https:\/\/diariodominicano.com\/index.php?rest_route=\/wp\/v2\/users\/5"}],"replies":[{"embeddable":true,"href":"https:\/\/diariodominicano.com\/index.php?rest_route=%2Fwp%2Fv2%2Fcomments&post=284941"}],"version-history":[{"count":1,"href":"https:\/\/diariodominicano.com\/index.php?rest_route=\/wp\/v2\/posts\/284941\/revisions"}],"predecessor-version":[{"id":284943,"href":"https:\/\/diariodominicano.com\/index.php?rest_route=\/wp\/v2\/posts\/284941\/revisions\/284943"}],"wp:featuredmedia":[{"embeddable":true,"href":"https:\/\/diariodominicano.com\/index.php?rest_route=\/wp\/v2\/media\/284942"}],"wp:attachment":[{"href":"https:\/\/diariodominicano.com\/index.php?rest_route=%2Fwp%2Fv2%2Fmedia&parent=284941"}],"wp:term":[{"taxonomy":"category","embeddable":true,"href":"https:\/\/diariodominicano.com\/index.php?rest_route=%2Fwp%2Fv2%2Fcategories&post=284941"},{"taxonomy":"post_tag","embeddable":true,"href":"https:\/\/diariodominicano.com\/index.php?rest_route=%2Fwp%2Fv2%2Ftags&post=284941"}],"curies":[{"name":"wp","href":"https:\/\/api.w.org\/{rel}","templated":true}]}}