{"id":284931,"date":"2021-07-04T15:37:33","date_gmt":"2021-07-04T19:37:33","guid":{"rendered":"http:\/\/diariodominicano.com\/?p=284931"},"modified":"2021-07-04T15:42:32","modified_gmt":"2021-07-04T19:42:32","slug":"chinino-lluberes-tambien-esta-senalado-como-sospechoso-del-asesinato-en-1970-del-padre-de-la-periodista-nuria-piera","status":"publish","type":"post","link":"https:\/\/diariodominicano.com\/?p=284931","title":{"rendered":"Chinino Lluberes tambi\u00e9n est\u00e1 se\u00f1alado como sospechoso del asesinato en 1970 del padre de la periodista Nuria Piera"},"content":{"rendered":"\n<p>diariodominicano.com<\/p>\n\n\n\n<p><strong>No s\u00f3lo en caso de Orlando Mart\u00ednez<\/strong><\/p>\n\n\n\n<p>Santo Domingo, R. D., 4 de julio, 2021.-   El ex jefe de la Fuerza A\u00e9rea Dominicana y de la Polic\u00eda Nacional, general retirado Salvador Lluberes Mont\u00e1s (Chinino), quien ha reaparecido en la palestra p\u00fablica desde febrero de este a\u00f1o luego de que le habr\u00edan robado 6.4 millones de d\u00f3lares en su villa de Casa de Campo, La Romana, no s\u00f3lo est\u00e1 acusado del asesinato de Orlando Mart\u00ednez. Pocos saben que tambi\u00e9n est\u00e1 se\u00f1alado como el principal sospechado del homicidio de otro periodista: Enrique Piera Puig, padre de la comunicadora Nuria Piera.<\/p>\n\n\n\n<p>A la hora del atentado, Piera Puig produc\u00eda el programa radial \u201cSobre las Ies\u201d, por Radio Visi\u00f3n, y fung\u00eda como profesor de econom\u00eda de la Universidad Dominicana OyM, con cuyo rector, el tambi\u00e9n economista doctor Jos\u00e9 Rafael Abinader, estrech\u00f3 relaciones amistosas.<\/p>\n\n\n\n<figure class=\"wp-block-image size-large\"><img loading=\"lazy\" decoding=\"async\" width=\"486\" height=\"631\" src=\"https:\/\/diariodominicano.com\/wp-content\/uploads\/2021\/07\/Enrique-Piera-Puig4-7-21.jpg\" alt=\"\" class=\"wp-image-284932\" srcset=\"https:\/\/diariodominicano.com\/wp-content\/uploads\/2021\/07\/Enrique-Piera-Puig4-7-21.jpg 486w, https:\/\/diariodominicano.com\/wp-content\/uploads\/2021\/07\/Enrique-Piera-Puig4-7-21-231x300.jpg 231w\" sizes=\"auto, (max-width: 486px) 100vw, 486px\" \/><\/figure>\n\n\n\n<p>Aunque investigadores period\u00edsticos sab\u00edan que Chinino Lluberes Mont\u00e1s se mov\u00eda sigilosamente entre Casa de Campo y Miami -y en ocasiones en la capital dominicana-, el denunciado extra\u00f1o robo sorprendi\u00f3 a muchos dominicanos que lo cre\u00edan fallecido.&nbsp;<\/p>\n\n\n\n<p>Al ser imputado judicialmente por el asesinato de Orlando Mart\u00ednez, el citado alto oficial vinculado a la Gulf and Western y a la alta inteligencia de Estados Unidos, a un sobrino reci\u00e9n graduado de abogado, el connotado dirigente estudiantil de la UASD y del Partido Comunista de la Rep\u00fablica Dominicana (PACOREDO) Salvador Uribe Mont\u00e1s, le revel\u00f3 detalles de esta ejecuci\u00f3n.<\/p>\n\n\n\n<p>Por razones pol\u00edticas y \u00e9ticas, Uribe Mont\u00e1s no pudo asistirle t\u00e9cnicamente, pero le busc\u00f3 a un reconocido jurista proveniente de la izquierda -que no conoci\u00f3 la verdad- y meses antes de morir ofreci\u00f3 su testimonio a este periodista, bajo un compromiso que ha sido cumplido fielmente. &nbsp;<\/p>\n\n\n\n<p>\u00bfSer\u00eda Chinino Lluberes una fuente para despejar el camino contra la impunidad?<\/p>\n\n\n\n<p>En el libro de nuestra autor\u00eda \u201cCr\u00edmenes contra la prensa. Atentados y censuras en Rep\u00fablica Dominicana 1844-2007\u201d, tomo II (1961-2007), publicado en el 2009, se inserta un apartado titulado \u201cEnrique Piera Puig: balazo por denuncias en su programa lo lleva a fosa\u201d, que copiamos a continuaci\u00f3n:<\/p>\n\n\n\n<figure class=\"wp-block-image size-large\"><img loading=\"lazy\" decoding=\"async\" width=\"614\" height=\"876\" src=\"https:\/\/diariodominicano.com\/wp-content\/uploads\/2021\/07\/libro-Crimenescontralaprensa4-7-21.jpg\" alt=\"\" class=\"wp-image-284933\" srcset=\"https:\/\/diariodominicano.com\/wp-content\/uploads\/2021\/07\/libro-Crimenescontralaprensa4-7-21.jpg 614w, https:\/\/diariodominicano.com\/wp-content\/uploads\/2021\/07\/libro-Crimenescontralaprensa4-7-21-210x300.jpg 210w\" sizes=\"auto, (max-width: 614px) 100vw, 614px\" \/><\/figure>\n\n\n\n<p>\u201cToca el timbre Enrique Piera Puig a la muchacha del servicio -7:30 de la noche del viernes 9 de octubre de 1970- de su residencia del ensanche Ozama y, de repente, un chubasco de balas atrona y penetra en su bajo vientre, en la puerta, la persiana y la pared frontal del inmueble. Tapa sus ojos infinitamente, aposentado en la temeridad de su lenguaje, el lunes 19, disolvi\u00e9ndose el esfuerzo de los galenos en su lecho de 10 d\u00edas.<\/p>\n\n\n\n<p>\u201cNo sac\u00f3 Piera Puig el rev\u00f3lver calibre 38 que portaba, porque con su cuerpo cubri\u00f3 del fuego de los proyectiles a su esposa Berna Gainza y a sus hijas Sonia y Nuria, de 12 y 10 a\u00f1os de edad. Tampoco reaccion\u00f3 el chofer, el agente policial Luis Mar\u00eda Mel\u00e9ndez, quien estaba en el interior del autom\u00f3vil que acababa de estacionarse en la marquesina de la casa n\u00famero 45 de la calle Costa Rica esquina Masoner\u00eda.<\/p>\n\n\n\n<p>\u201cLos siete disparos de armas calibre 38 y 9 mil\u00edmetros fueron hechos desde la verja de cemento y arbustos ubicados frente a la vivienda, cuando la pareja y Sonia, de 12 a\u00f1os de edad, llegaron de la playa Villa del Mar. Nuria, quien se hab\u00eda quedado con una amiga en una casa vecina, le dio la bienvenida en la maroma del tiroteo.<\/p>\n\n\n\n<p>\u201cLos tres atacantes emprendieron la huida en un carro blanco, placa 18581, que le aguard\u00f3 en las inmediaciones.<\/p>\n\n\n\n<p>\u201cDos balazos alcanzaron al productor del programa \u2018Sobre las Ies\u2019: uno en el tercio medio del muslo derecho, que le perfor\u00f3 la arteria femoral, y el otro en la cara externa del muslo izquierdo.<\/p>\n\n\n\n<p>\u201cLa se\u00f1ora Gainza y el chofer Mel\u00e9ndez llevaron a Piera Puig \u2013con una hemorragia profusa- al hospital Dar\u00edo Contreras, donde \u2018por una impericia le pusieron sangre en la misma pierna afectada. La sangre se le sal\u00eda por la incisi\u00f3n causada por la bala\u2019 (1).<\/p>\n\n\n\n<p>\u201cDos hechos despertaron la curiosidad en el centro asistencial: la flagrante negligencia m\u00e9dica y\/o mala intenci\u00f3n en la sala de emergencia, y que a los 10 minutos se registr\u00f3 un impresionante operativo de unidades de la Polic\u00eda, el Ej\u00e9rcito y la Marina de Guerra, que incluy\u00f3 la instalaci\u00f3n de una ametralladora pesada.<\/p>\n\n\n\n<p>\u201cA las tres de la madrugada del s\u00e1bado 10 de octubre fue transferido, en estado de gravedad, al hospital militar Enrique W. Lothgow Ceara (ubicado en las riberas de la Universidad Aut\u00f3noma de Santo Domingo (UASD), donde le hicieron un injerto artificial en la arteria femoral. Le pusieron dos pintas de sangre y lo acomodaron en la c\u00e1mara de ox\u00edgeno.<\/p>\n\n\n\n<p>\u201cEl domingo 11, Piera Puig reaccion\u00f3 positivamente, dentro de su cuadro cr\u00edtico: la circulaci\u00f3n de la sangre era normal, y convers\u00f3 con familiares. Hab\u00eda superado la crisis m\u00e1s aguda.<\/p>\n\n\n\n<p>\u201c\u2018Los muchachos se salieron con la suya\u2019, coment\u00f3 Piera Puig en su lecho, refiri\u00e9ndose a los grupos de izquierda.<\/p>\n\n\n\n<p>\u201cPadec\u00eda de una flebitis en las dos piernas. Ten\u00eda 46 a\u00f1os, pesaba unas 260 libras y fumaba de 60 a 80 cigarrillos diarios. En ese episodio, le sobrevino el desprendimiento de trombos (sangre coagulada), que le ocasionaron una embolia pulmonar. Expir\u00f3 a las 3:50 de la tarde del lunes 19 de octubre, orillados sus parientes, amigos y los periodistas en el p\u00e9talo de la pesadumbre.<\/p>\n\n\n\n<p>\u201cEl martes 20 de octubre, a las 10 de la ma\u00f1ana, parti\u00f3 el sequito f\u00fanebre desde la capilla de la protectora La Altagracia, situada en la avenida Bol\u00edvar n\u00famero 31, hacia el cementerio de la avenida M\u00e1ximo G\u00f3mez.<\/p>\n\n\n\n<p>\u201cLa ceremonia religiosa fue oficiada por el sacerdote de este camposanto, Antonio Hirozo, quien expuso que \u2018Piera Puig era un hombre de un temperamento ardiente y fogoso, pero que siempre practic\u00f3 el bien a manos llenas. El amigo Enrique en Espa\u00f1a, su patria natural, fue herido peleando al lado de la Legi\u00f3n Azul contra los comunistas (en la Segunda Guerra Mundial), y aqu\u00ed en esta tierra que tanto am\u00f3 ha sido vilmente asesinado. Muri\u00f3 cumpliendo con un deber para la patria dominicana\u2019.<\/p>\n\n\n\n<p>\u201cEl sindicalista Fernando Mu\u00f1iz pronunci\u00f3 el paneg\u00edrico: \u201cLa libertad supone grandes sacrificios y los hombres y mujeres que han cre\u00eddo en la democracia han tenido que sacrificarse, como hoy lo ha hecho Enrique Piera. Nuestros corazones se encuentran embargados porque muri\u00f3 un gran amigo al que hoy le damos las gracias por este sacrificio a favor de la libertad y la democracia, que a\u00fan no gozamos. Vamos a seguir los deberes sagrados de este pueblo por el que acaba de dar la vida\u201d (2).<\/p>\n\n\n\n<p>\u201cLos peri\u00f3dicos censuraron, editorialmente, la acci\u00f3n deleznable.<\/p>\n\n\n\n<p>\u201cEl List\u00edn Diario expuso en su primer p\u00e1rrafo que \u2018Enrique Piera muri\u00f3 ayer\u2019. En otros explica que \u2018se dir\u00e1 que Piera comet\u00eda excesos verbales, en que no debe incurrir el hombre de ideas ni el comunicador social. Pero excesos verbales se cometen diariamente en nuestro pa\u00eds, de uno y otro lado, y a la gran mayor\u00eda de las v\u00edctimas de esas jaur\u00edas no se les ha ocurrido que el crimen, que el asesinato, pudiera ser su reivindicaci\u00f3n\u201d.<\/p>\n\n\n\n<p>\u201cY concluye en que \u2018Nada justifica el asesinato de Enrique Piera, como no se justifica nunca ning\u00fan asesinato. Hoy Enrique Piera es un m\u00e1rtir. Y su muerte es parte de nuestra deshonra colectiva\u201d (3).<\/p>\n\n\n\n<p>\u201cEl Caribe dijo que \u2018Un periodista ha ca\u00eddo, v\u00edctima de las balas asesinas disparadas por quienes no acaban de comprender que cada hombre tiene derecho de sustentar las ideas que considera justas\u201d.<\/p>\n\n\n\n<p>\u201cY m\u00e1s adelante manifest\u00f3 que \u2018el se\u00f1or Piera Puig fue siempre una figura muy controversial en el campo period\u00edstico nacional. Pero lo que nunca estuvo en discusi\u00f3n es que le asist\u00eda el derecho \u2013enmarcado dentro de la ley- de defender sus ideas, como siempre lo hizo, y en las cuales cre\u00eda con vehemencia\u201d (4).<\/p>\n\n\n\n<p>\u201c\u00bfQui\u00e9n era Piera Puig?<\/p>\n\n\n\n<p>\u201cJos\u00e9 Enrique Piera Puig vino al cosmos el 26 de marzo de 1924, en Tarragona, Barcelona, Espa\u00f1a. Estudi\u00f3 econom\u00eda en una universidad de ese territorio europeo, y en 1952 cas\u00f3 con Berna Gainza O\u00f1ez, quien falleci\u00f3 el 9 de marzo del 2004, en Santo Domingo.<\/p>\n\n\n\n<p>\u201cPiera sali\u00f3 de Espa\u00f1a por un conflicto que tuvo con un alto funcionario del gobierno del dictador Francisco Franco, motivado por art\u00edculos que escrib\u00eda, en una revista, contra este r\u00e9gimen. Desde entonces vivi\u00f3 en varios pa\u00edses de Am\u00e9rica.<\/p>\n\n\n\n<p>\u201cEn varias ocasiones vino a Rep\u00fablica Dominicana a realizar trabajos de tipo econ\u00f3mico, hasta que decidi\u00f3 quedarse definitivamente y procrear aqu\u00ed una familia. Nacen las dos \u00fanicas hijas del matrimonio: Sonia y Nuria, archiconocida por su popular programa \u2018Nuria en el 9\u2019.<\/p>\n\n\n\n<p>\u201cEnrique Piera Puig adquiri\u00f3 la nacionalidad dominicana, y se relacion\u00f3 con el periodista Pedro Alvaro Bobadilla, con quien particip\u00f3, en 1968, en el programa Conclusiones, por el canal televisivo Rahintel.<\/p>\n\n\n\n<p>\u201cPose\u00eda cualidades de polemista. El 3 de febrero de 1968, El Nacional public\u00f3 dos textos controversiales, que reproducimos:<\/p>\n\n\n\n<p>CARTA PUBLICA<\/p>\n\n\n\n<p>Santo Domingo, D. N.,<\/p>\n\n\n\n<p>2 de febrero de 1968.<\/p>\n\n\n\n<p>Dr. Freddy Gat\u00f3n Arce<\/p>\n\n\n\n<p>Director del Nacional de Ahora<\/p>\n\n\n\n<p>Sr. Hern\u00e1ndez<\/p>\n\n\n\n<p>Redactor<\/p>\n\n\n\n<p>Dr. Rafael Molina Morillo<\/p>\n\n\n\n<p>Director de la Revista \u201cAhora\u201d<\/p>\n\n\n\n<p>Sr. Jos\u00e9 Ayuso<\/p>\n\n\n\n<p>Jefe de Informaci\u00f3n<\/p>\n\n\n\n<p>De Mi Consideraci\u00f3n:<\/p>\n\n\n\n<p>En el No. 504 del peri\u00f3dico El Nacional de \u201cAhora\u201d de fecha 1ro. de febrero en curso, en la primera p\u00e1gina hay un art\u00edculo, cuyo t\u00edtulo dice: \u201cDEFINEN LA ROMANA BOMBA DE TIEMPO\u201d. En la revista \u201cAHORA\u201d del a\u00f1o s\u00e9ptimo No. 821, que inexplicablemente tiene fecha 5 de febrero del a\u00f1o actual y se est\u00e1 vendiendo al preg\u00f3n en el d\u00eda de hoy aparece en la portada: LA ROMANA UNA BOMBA DE TIEMPO y en las p\u00e1ginas 4, 5, 6, 7 y 73 reza el t\u00edtulo de \u201cLas noticias entre Bastidores: LA ROMANA. LOS EXPLOSIVOS INGREDIENTES DE UNA BOMBA DE TIEMPO.<\/p>\n\n\n\n<p>Acontece, que en mi programa CONCLUSIONES hice un reportaje al Central Romana donde llegu\u00e9 a las l\u00f3gicas conclusiones que me indujeron las palabras y expresiones de cuantos laboran en esa importante Empresa.<\/p>\n\n\n\n<p>Ustedes, en sus dos \u00f3rganos de difusi\u00f3n, en cuanto a Central Romana se refiere, llegan a exposiciones completamente dispares a la m\u00eda.<\/p>\n\n\n\n<p>Yo respeto much\u00edsimo la opini\u00f3n p\u00fablica. Respeto mucho la tranquilidad del pa\u00eds. Lucho con todos los medios que est\u00e1n a mi alcance para que el pa\u00eds llegue al bienestar que merecemos los dominicanos. Presumo, que ustedes tambi\u00e9n deben respetar la opini\u00f3n p\u00fablica, como m\u00ednimo, tanto como yo. M\u00e1s acontece, que sobre un mismo tema hay dos versiones completamente opuestas. Una de las dos partes, sin prejuzgar la calidad de la fe puesta en ambos reportajes, ha faltado el respeto a la opini\u00f3n p\u00fablica.<\/p>\n\n\n\n<p>Conviene a la opini\u00f3n p\u00fablica y a la honestidad de nuestros medios de expresi\u00f3n, que se aclare cu\u00e1l parte ha cometido error.<\/p>\n\n\n\n<p>En vista de esta exposici\u00f3n que creo ustedes deber\u00edan compartir, y como quiera que todos los reportajes se basan en hechos reales con pruebas, me permito, en beneficio de la otra vez repetida opini\u00f3n p\u00fablica, citarlos a ustedes cuatro al programa \u201cCONCLUSIONES\u201d del pr\u00f3ximo s\u00e1bado d\u00eda 10 a las 2:00 p. m. en RAHINTEL para que aclaremos los conceptos vertidos en mi programa \u201cCONCLUSIONES\u201d y en su peri\u00f3dico y revista EL NACIONAL DE \u201cAHORA\u201d y \u201cAHORA\u201d.<\/p>\n\n\n\n<p>Me permito proponer como moderador de este programa al periodista Pedro Alvaro Bobadillla y al Dr. Salvador Pittaluga Nivar, si me conceden el honor de aceptar.<\/p>\n\n\n\n<p>Hago provecho de la ocasi\u00f3n para testimoniarle mi consideraci\u00f3n m\u00e1s distinguida.<\/p>\n\n\n\n<p>ENRIQUE PIERA PUIG,<\/p>\n\n\n\n<p>C\u00e9d. No. 134449661 (5).<\/p>\n\n\n\n<p>\u201cLa invitaci\u00f3n a Freddy Gat\u00f3n Arce, Rafael Molina Morillo, Juan Jos\u00e9 Ayuso y Miguel Angel Hern\u00e1ndez fue declinada por la direcci\u00f3n de El Nacional, se\u00f1alando numerosas razones.<\/p>\n\n\n\n<p>\u201cUn a\u00f1o despu\u00e9s, en 1969, produjo y dirigi\u00f3 el espacio \u201cSobre las Ies\u201d, que se difund\u00eda diariamente por Radio Visi\u00f3n, a las dos de la tarde, luego de las alocuciones del doctor Jos\u00e9 Francisco Pe\u00f1a G\u00f3mez, alto dirigente del Partido Revolucionario Dominicano (PRD).<\/p>\n\n\n\n<p>\u201cEn estos \u00faltimos dos a\u00f1os, dedic\u00f3 tiempo completo a la publicaci\u00f3n de dos peri\u00f3dicos. En 1968 fund\u00f3 \u201cSiete<strong>&nbsp;Fechas<\/strong>\u201d y la revista \u201cAbej\u00f3n\u201d, de contenido humor\u00edstico, pol\u00edtico y literario.<\/p>\n\n\n\n<p>\u201cSe desempe\u00f1\u00f3 en varias ocasiones como asesor de los s\u00edndicos Manuel Antonio Jim\u00e9nez (Manol\u00edn) y Ram\u00f3n B\u00e1ez Acosta, por cuyas funciones cobraba, simb\u00f3licamente, un peso mensual.<\/p>\n\n\n\n<p><strong>\u201c\u00bfQui\u00e9n lo mat\u00f3?<\/strong><\/p>\n\n\n\n<p>\u201cDesde un principio, se sospech\u00f3 que el asesinato hab\u00eda sido cometido por la izquierda, a la que Piera Puig fustigaba constantemente. Se atribuy\u00f3 la autor\u00eda, espec\u00edficamente, al Movimiento Popular Dominicano (MPD), al Comando Militar Constitucionalista y al Frente Estudiantil Flavio Suero.<\/p>\n\n\n\n<p>\u201cPiera Puig era amenazado por la v\u00eda telef\u00f3nica y atacado por sus posiciones de derecha. Cada vez que se movilizaban los estudiantes de la tanda nocturna del Liceo Rep\u00fablica de Panam\u00e1, situado en la cercan\u00eda de la residencia del productor radial, en el ensanche Ozama, lanzaban consignas contra \u00e9ste.<\/p>\n\n\n\n<p>\u201cLos alumnos le tiraban piedras a la casa, y en una ocasi\u00f3n una bomba casera destruy\u00f3 la verja de esta edificaci\u00f3n. Al otro d\u00eda, Piera Puig cit\u00f3 p\u00fablicamente por su nombre a quien consider\u00f3 el responsable de la acci\u00f3n.<\/p>\n\n\n\n<p>\u201cEl productor del programa \u201cSobre las Ies\u201d era directo, incisivo y tajante. No ten\u00eda pelos en la lengua. Ofrec\u00eda primicias: fue el primero en revelar que el coronel Francisco Alberto Caama\u00f1o De\u00f1\u00f3 estaba en Cuba.<\/p>\n\n\n\n<p>\u201cLo tenemos ubicado\u2026lo mataremos\u201d. Este y otros mensajes se dec\u00edan en las llamadas an\u00f3nimas.<\/p>\n\n\n\n<p>\u201cEl 25 de septiembre de 1970 en que fuerzas gubernamentales asesinaron al dirigente del MPD, ingeniero Am\u00edn Abel Hasb\u00fan, Piera Puig presagi\u00f3 su muerte: \u2018el pr\u00f3ximo voy a ser yo\u2019. Y as\u00ed ocurri\u00f3.<\/p>\n\n\n\n<p>\u201cPor los peligros reales que le acechaban, la Polic\u00eda Nacional le asign\u00f3 una custodia, pero d\u00edas antes del crimen \u00e9sta le fue retirada. El jefe de esa instituci\u00f3n, general Elio Osiris Perdomo Rosario, pidi\u00f3 excusas y alego que se enmarc\u00f3 dentro de&nbsp; la pol\u00edtica de reducci\u00f3n de agentes al servicio de particulares.<\/p>\n\n\n\n<p>\u201cA los 20 a\u00f1os de la tragedia, un miembro de la Fuerza A\u00e9rea Dominicana (FAD) confes\u00f3 a un familiar de Piera Puig que cumpli\u00f3 la orden de vigilar la casa de \u00e9ste, para saber la hora de entrada y salida.<\/p>\n\n\n\n<p><strong>\u201c\u00bfQui\u00e9nes la impartieron?<\/strong><\/p>\n\n\n\n<p>\u201cLa impartieron los jefes de esa instituci\u00f3n, generales paracaidistas Salvador Lluberes Mont\u00e1s (Chinino) y Eladio Marmolejos. El Chino Pichardo fue pieza clave del equipo en proceso de observaci\u00f3n\u2026<\/p>\n\n\n\n<p>\u201cLa Polic\u00eda Nacional achac\u00f3 el asesinato a varias personas, pero los parientes de Piera Puig se negaron a firmar la acusaci\u00f3n.<\/p>\n\n\n\n<p><strong>\u201c\u00bfPor qu\u00e9\u2026?<\/strong><\/p>\n\n\n\n<p>\u201cPiera Puig penetr\u00f3 a una zona gris, y afect\u00f3 dividendos de \u2018sectores incontrolables\u2019 del gobierno de Joaqu\u00edn Balaguer y tambi\u00e9n embisti\u00f3 acremente contra el MPD y sus dirigentes.<\/p>\n\n\n\n<p>\u201cLa otra versi\u00f3n propalada es que el m\u00f3vil de la actuaci\u00f3n criminal fue la denuncia hecha por Piera Puig, en su espacio radial, de que militares precitados comprar\u00edan, a un precio irrisorio, una amplia franja de los terrenos de la antigua Hacienda de Gal\u00e1 (Gallard), propiedad del Estado.<\/p>\n\n\n\n<p>\u201cA partir de esta exposici\u00f3n p\u00fablica sobre estos solares, que cubr\u00edan la zona donde ahora est\u00e1 el campus principal de la UNPHU, la venta de esos terrenos fue desautorizada por el presidente Balaguer.<\/p>\n\n\n\n<p>\u201cEl panorama se agrav\u00f3 tras una discusi\u00f3n, en voz muy alta, sostenida entre Piera Puig y una hermana del presidente Balaguer, en el Palacio Nacional, en torno a una candidatura a s\u00edndico del Distrito Nacional. El primero respaldaba a Manol\u00edn Jim\u00e9nez.<\/p>\n\n\n\n<p>La opini\u00f3n de Radham\u00e9s G\u00f3mez Pep\u00edn, en su columna Pulsaciones de El Nacional, merece consideraci\u00f3n. Afirma que antes de las elecciones de mayo, Piera Puig \u2018estaba enfrentado, en esa oportunidad, sobre todo a la derecha electorera, puesto que la izquierda hab\u00eda anunciado su abstenci\u00f3n y s\u00f3lo los electoreros pod\u00edan poner en peligro el triunfo del presidente Balaguer, a quien Piera defendi\u00f3 hasta la hora de su muerte\u2019.<\/p>\n\n\n\n<p>\u201c\u2018\u00bfHabr\u00e1 ocurrido contra Piera un caso de venganza a seis meses de plazo?\u2019. \u201cPero el asesinato de Piera tambi\u00e9n ha puesto a circular otra grave versi\u00f3n, seg\u00fan la cual se busca incitar cr\u00edmenes similares contra periodistas que no sea del agrado de ciertos sectores del Gobierno, para sentar las bases definitivas de una dictadura de corte trujillista\u2019 (6).<\/p>\n\n\n\n<p>El atentado conmovi\u00f3 a los m\u00e1s sensatos sectores de la sociedad dominicana, que entienden que a ning\u00fan ser humano se le debe arrebatar la vida por profesar ideas, sean \u00e9stas progresistas o reaccionarias. Doli\u00f3 que extremistas sin escr\u00fapulos dejaran desvalidas a su viuda y a dos ni\u00f1as menores de edad, sin ra\u00edces familiares en Rep\u00fablica Dominicana.&nbsp; A los ocupantes del carro placa 18581 no se les detuvo. Los autores no fueron descubiertos. No hubo castigo. Rein\u00f3 la impunidad\u201d. &nbsp;&nbsp;&nbsp;&nbsp;&nbsp;&nbsp;&nbsp;&nbsp;&nbsp;&nbsp;<\/p>\n\n\n\n<p>Citas bibliogr\u00e1ficas<\/p>\n\n\n\n<p>1.- Ultima Hora, 19 de octubre de 1970, p\u00e1g. 2.<\/p>\n\n\n\n<p>2.- El Caribe, 21 de octubre de 1970, p\u00e1g. 8.<\/p>\n\n\n\n<p>3.- List\u00edn Diario, 20 de octubre de 1970, p\u00e1g. 8.<\/p>\n\n\n\n<p>4.- El Caribe, 21 de octubre de 1970, p\u00e1g. 10.<\/p>\n\n\n\n<p>5.- El Nacional, 3 de febrero de 1968, p\u00e1g. 7 &nbsp;<\/p>\n\n\n\n<p>6.- El Nacional, 21 de octubre de 1970, pag. 10.<\/p>\n\n\n\n<p>Cordialmente,<\/p>\n\n\n\n<p>Oscar L\u00f3pez Reyes<br>Periodista-mercad\u00f3logo, escritor y articulista de El Nacional,<br>Ex Presidente del Colegio Dominicano de Periodistas<\/p>\n","protected":false},"excerpt":{"rendered":"<p>diariodominicano.com No s\u00f3lo en caso de Orlando Mart\u00ednez Santo Domingo, R. D., 4 de julio, 2021.- El ex jefe de la Fuerza A\u00e9rea Dominicana y de la Polic\u00eda Nacional, general retirado Salvador Lluberes Mont\u00e1s (Chinino), quien ha reaparecido en la palestra p\u00fablica desde febrero de este a\u00f1o luego de que le habr\u00edan robado 6.4 millones [&hellip;]<\/p>\n","protected":false},"author":5,"featured_media":284939,"comment_status":"closed","ping_status":"","sticky":true,"template":"","format":"standard","meta":{"footnotes":""},"categories":[19,27],"tags":[],"class_list":["post-284931","post","type-post","status-publish","format-standard","has-post-thumbnail","hentry","category-mi-voz","category-portada"],"_links":{"self":[{"href":"https:\/\/diariodominicano.com\/index.php?rest_route=\/wp\/v2\/posts\/284931","targetHints":{"allow":["GET"]}}],"collection":[{"href":"https:\/\/diariodominicano.com\/index.php?rest_route=\/wp\/v2\/posts"}],"about":[{"href":"https:\/\/diariodominicano.com\/index.php?rest_route=\/wp\/v2\/types\/post"}],"author":[{"embeddable":true,"href":"https:\/\/diariodominicano.com\/index.php?rest_route=\/wp\/v2\/users\/5"}],"replies":[{"embeddable":true,"href":"https:\/\/diariodominicano.com\/index.php?rest_route=%2Fwp%2Fv2%2Fcomments&post=284931"}],"version-history":[{"count":2,"href":"https:\/\/diariodominicano.com\/index.php?rest_route=\/wp\/v2\/posts\/284931\/revisions"}],"predecessor-version":[{"id":284940,"href":"https:\/\/diariodominicano.com\/index.php?rest_route=\/wp\/v2\/posts\/284931\/revisions\/284940"}],"wp:featuredmedia":[{"embeddable":true,"href":"https:\/\/diariodominicano.com\/index.php?rest_route=\/wp\/v2\/media\/284939"}],"wp:attachment":[{"href":"https:\/\/diariodominicano.com\/index.php?rest_route=%2Fwp%2Fv2%2Fmedia&parent=284931"}],"wp:term":[{"taxonomy":"category","embeddable":true,"href":"https:\/\/diariodominicano.com\/index.php?rest_route=%2Fwp%2Fv2%2Fcategories&post=284931"},{"taxonomy":"post_tag","embeddable":true,"href":"https:\/\/diariodominicano.com\/index.php?rest_route=%2Fwp%2Fv2%2Ftags&post=284931"}],"curies":[{"name":"wp","href":"https:\/\/api.w.org\/{rel}","templated":true}]}}