{"id":284716,"date":"2021-07-02T18:15:06","date_gmt":"2021-07-02T22:15:06","guid":{"rendered":"http:\/\/diariodominicano.com\/?p=284716"},"modified":"2021-07-02T18:15:29","modified_gmt":"2021-07-02T22:15:29","slug":"wilson-camacho-considero-justo-defensa-tenga-tiempo-para-analizar-el-alto-volumen-de-evidencias-del-caso-medusa","status":"publish","type":"post","link":"https:\/\/diariodominicano.com\/?p=284716","title":{"rendered":"Wilson Camacho consider\u00f3 justo defensa tenga tiempo para analizar el alto volumen de evidencias del Caso Medusa"},"content":{"rendered":"\n<p>Resalt\u00f3 que el sistema penitenciario sigue los protocolos necesarios para gestionar la seguridad del exprocurador general Jean Alain Rodr\u00edguez y cualquier imputado<\/p>\n\n\n\n<p><strong>SANTO DOMINGO (Rep\u00fablica Dominicana).-<\/strong>&nbsp;Los \u00f3rganos de persecuci\u00f3n del Ministerio P\u00fablico reafirmaron su inter\u00e9s de que el Caso Medusa se conozca sin la afectaci\u00f3n de derechos a ninguno de los implicados, raz\u00f3n por la que calificaron de v\u00e1lida la solicitud de aplazamiento presentada este viernes por las defensas t\u00e9cnicas de los imputados.<\/p>\n\n\n\n<p>\u201cLas defensas pidieron el aplazamiento debido a que ellos mismos reconocen el alto volumen de evidencias que ha aportado el Ministerio P\u00fablico\u201d, explic\u00f3 Wilson Camacho, titular de la Procuradur\u00eda Especializada de Persecuci\u00f3n de la Corrupci\u00f3n Administrativa (Pepca), unidad que lleva la investigaci\u00f3n junto a la Direcci\u00f3n General de Persecuci\u00f3n del Ministerio&nbsp;P\u00fablico, que dirige Yeni Berenice Reynoso.<\/p>\n\n\n\n<p>\u201cHemos aportado 5,800 p\u00e1ginas de evidencias, que son una muestra de que una vez m\u00e1s tenemos un caso blindado. Nosotros hemos entendido que ese es un pedimiento (el aplazamiento) de derecho, toda vez que a nosotros no nos interesa conocer este proceso con afectaci\u00f3n de derechos fundamentales y hemos estado de acuerdo con que la defensa tenga el tiempo para que estudie la abrumadora cantidad de evidencias que ha aportado el Ministerio P\u00fablico\u201d, agreg\u00f3.<\/p>\n\n\n\n<p>Ante la petici\u00f3n de los abogados, la jueza Kenya Romero, de la Oficina Judicial de Servicios de Atenci\u00f3n Permanente del Distrito Nacional, reenvi\u00f3 para el jueves 8 de julio el conocimiento de la medida de coerci\u00f3n contra los imputados, para quienes el \u00f3rgano de la acusaci\u00f3n ha pedido prisi\u00f3n preventiva y la declaraci\u00f3n de complejidad del caso.<\/p>\n\n\n\n<p>El procurador adjunto Camacho explic\u00f3 que el Ministerio P\u00fablico trabaja en la ampliaci\u00f3n de las investigaciones para procurar sanci\u00f3n contra todos los responsables del desfalco al Estado y otros delitos envueltos. Revel\u00f3 que los \u00f3rganos de persecuci\u00f3n han hecho contacto con organismos internacionales para lograr el apresamiento de todos los involucrados en la red de corrupci\u00f3n desarticulada por la Operaci\u00f3n Medusa.<\/p>\n\n\n\n<p>\u201cHemos hecho contacto con organismos internacionales a fin de que asistan al Ministerio P\u00fablico para arrestar a las personas que todav\u00eda no est\u00e1n en este proceso\u201d, apunt\u00f3.<\/p>\n\n\n\n<p>El \u00f3rgano de la persecuci\u00f3n penal ha solicitado prisi\u00f3n preventiva para los integrantes del entramado develado a trav\u00e9s de la Operaci\u00f3n Medusa, lo que, seg\u00fan dej\u00f3 establecido Camacho, no es motivo para temer por la seguridad del exprocurador Jean Alain Rodr\u00edguez y sus antiguos colaboradores.<\/p>\n\n\n\n<p>El sistema penitenciario tiene los protocolos necesarios para asegurar la vida de cualquier persona que sea enviada como interno\u201d, insisti\u00f3.<\/p>\n\n\n\n<p>Adem\u00e1s de Rodr\u00edguez, en el caso est\u00e1n implicados Miguel Jos\u00e9 Moya, Rafael Antonio Mercede Marte, Alfredo Alexander Solano Augusto, Rafael Stefano Can\u00f3 Sacco, Javier Alejandro Forteza Ibarra, Jonnathan Josel Rodr\u00edguez Imbert, Jenny Marte Pe\u00f1a y Altagracia Guill\u00e9n Calzado. En el caso de Can\u00f3 Sacco, se encuentra pr\u00f3fugo, pues sali\u00f3 del pa\u00eds, antes de que se le arrestara.<\/p>\n\n\n\n<p>Seg\u00fan la acusaci\u00f3n del Ministerio P\u00fablico, integraron una red criminal de corrupci\u00f3n que oper\u00f3 desde la Procuradur\u00eda General de la Rep\u00fablica y que, seg\u00fan estimaciones preliminares, estaf\u00f3 al Estado dominicano con m\u00e1s de 6 mil millones de pesos.<\/p>\n\n\n\n<p>Al responder preguntas de la prensa sobre la gravedad de que estos delitos se gesten desde la instituci\u00f3n que debe perseguir los il\u00edcitos, el procurador adjunto indic\u00f3 que los fiscales que sirven al pa\u00eds trabajan en la l\u00ednea de devolver a la instituci\u00f3n a su misi\u00f3n de fomentar el respeto a la ley.<\/p>\n\n\n\n<p>\u201cNuestra obligaci\u00f3n como fiscales, y es el inter\u00e9s que ha tenido la se\u00f1ora procuradora general de la Rep\u00fablica, Miriam Germ\u00e1n Brito, es regresar al Ministerio P\u00fablico a su misi\u00f3n institucional; por eso, nosotros estamos cumpliendo con nuestro deber, lo hacemos sin prisa, pero sin pausa y vamos a someter a todas las personas que nosotros tengamos evidencia que han cometido delitos de corrupci\u00f3n, aun hayan pertenecido a la instituci\u00f3n del Ministerio P\u00fablico\u201d.<\/p>\n\n\n\n<p><strong>Direcci\u00f3n de Comunicaci\u00f3n y Prensa<\/strong><\/p>\n","protected":false},"excerpt":{"rendered":"<p>Resalt\u00f3 que el sistema penitenciario sigue los protocolos necesarios para gestionar la seguridad del exprocurador general Jean Alain Rodr\u00edguez y cualquier imputado SANTO DOMINGO (Rep\u00fablica Dominicana).-&nbsp;Los \u00f3rganos de persecuci\u00f3n del Ministerio P\u00fablico reafirmaron su inter\u00e9s de que el Caso Medusa se conozca sin la afectaci\u00f3n de derechos a ninguno de los implicados, raz\u00f3n por la [&hellip;]<\/p>\n","protected":false},"author":7,"featured_media":278382,"comment_status":"closed","ping_status":"","sticky":true,"template":"","format":"standard","meta":{"footnotes":""},"categories":[24,27],"tags":[],"class_list":["post-284716","post","type-post","status-publish","format-standard","has-post-thumbnail","hentry","category-justicia-y-derecho","category-portada"],"_links":{"self":[{"href":"https:\/\/diariodominicano.com\/index.php?rest_route=\/wp\/v2\/posts\/284716","targetHints":{"allow":["GET"]}}],"collection":[{"href":"https:\/\/diariodominicano.com\/index.php?rest_route=\/wp\/v2\/posts"}],"about":[{"href":"https:\/\/diariodominicano.com\/index.php?rest_route=\/wp\/v2\/types\/post"}],"author":[{"embeddable":true,"href":"https:\/\/diariodominicano.com\/index.php?rest_route=\/wp\/v2\/users\/7"}],"replies":[{"embeddable":true,"href":"https:\/\/diariodominicano.com\/index.php?rest_route=%2Fwp%2Fv2%2Fcomments&post=284716"}],"version-history":[{"count":1,"href":"https:\/\/diariodominicano.com\/index.php?rest_route=\/wp\/v2\/posts\/284716\/revisions"}],"predecessor-version":[{"id":284736,"href":"https:\/\/diariodominicano.com\/index.php?rest_route=\/wp\/v2\/posts\/284716\/revisions\/284736"}],"wp:featuredmedia":[{"embeddable":true,"href":"https:\/\/diariodominicano.com\/index.php?rest_route=\/wp\/v2\/media\/278382"}],"wp:attachment":[{"href":"https:\/\/diariodominicano.com\/index.php?rest_route=%2Fwp%2Fv2%2Fmedia&parent=284716"}],"wp:term":[{"taxonomy":"category","embeddable":true,"href":"https:\/\/diariodominicano.com\/index.php?rest_route=%2Fwp%2Fv2%2Fcategories&post=284716"},{"taxonomy":"post_tag","embeddable":true,"href":"https:\/\/diariodominicano.com\/index.php?rest_route=%2Fwp%2Fv2%2Ftags&post=284716"}],"curies":[{"name":"wp","href":"https:\/\/api.w.org\/{rel}","templated":true}]}}