{"id":284715,"date":"2021-07-02T18:06:20","date_gmt":"2021-07-02T22:06:20","guid":{"rendered":"http:\/\/diariodominicano.com\/?p=284715"},"modified":"2021-07-02T18:10:41","modified_gmt":"2021-07-02T22:10:41","slug":"eddy-alcantara-dice-pro-consumidor-abre-nuevas-oficinas-para-frenar-abusos-contra-consumidores","status":"publish","type":"post","link":"https:\/\/diariodominicano.com\/?p=284715","title":{"rendered":"Eddy Alc\u00e1ntara dice Pro Consumidor abre nuevas oficinas para frenar abusos contra consumidores\u00a0\u00a0"},"content":{"rendered":"\n<p>Inaugura local en La Vega<\/p>\n\n\n\n<p><strong>La Vega.-<\/strong> El director ejecutivo del Instituto Nacional de Protecci\u00f3n de los Derechos del Consumidor (Pro Consumidor) dijo aqu\u00ed que esa entidad ha decidido abrir oficinas en todas las provincias para frenar \u201cmuchos abusos\u201d que se cometen contra consumidores y usuarios de bienes y servicios.<\/p>\n\n\n\n<p>El doctor Eddy Alc\u00e1ntara manifest\u00f3 que en esas demarcaciones donde se est\u00e1n habilitando locales de la entidad, el personal de inspectores vigilar\u00e1 de cerca los establecimientos comerciales y proveedores para garantizar los derechos de los consumidores.<\/p>\n\n\n\n<p>El funcionario habl\u00f3 en esos t\u00e9rminos al dejar inaugurada en esta provincia una nueva oficina de la entidad defensora del consumidor, donde estuvo acompa\u00f1ado del senador de La Vega, Ram\u00f3n Rogelio Genao; la Gobernadora Provincial, Luisa Altagracia Jim\u00e9nez; la presidenta de la C\u00e1mara de Comercio y Producci\u00f3n de esta provincia, Irlonca Tav\u00e1rez; la directora provincial del Ministerio de Industria, Comercio y Mipymes (MICM), Sachesca Reynoso; la subdirectora T\u00e9cnica de Pro Consumidor, Miguelina Mat\u00edas;<strong> <\/strong>el presidente del Consejo de la Corporaci\u00f3n del Acueducto y Alcantarillado de La Vega (CORAAVEGA), Vladimir Viloria Pe\u00f1a, entre otros.<\/p>\n\n\n\n<p>Alc\u00e1ntara dijo que esta oficina, que funcionar\u00e1 en el Edificio de Oficinas Gubernamentales (El Huacalito), brindar\u00e1 orientaciones y facilidades a los ciudadanos que entiendan que les han sido vulnerados sus derechos al momento de adquirir un bien o servicio.<\/p>\n\n\n\n<p>\u201cAqu\u00ed se van a recibir quejas, denuncias y reclamos de consumidores que entiendan que sus derechos han sido quebrantados o violentados por quienes les vendieron esos bienes o servicios\u201d, agreg\u00f3.<\/p>\n\n\n\n<p>Resalt\u00f3 que Pro Consumidor no permitir\u00e1 que se cometan abusos contra ning\u00fan consumidor, \u201cy esta es la raz\u00f3n por la que estamos abriendo oficinas en todas las provincias del pa\u00eds, para trabajar m\u00e1s cerca de la gente\u201d.<\/p>\n\n\n\n<p>Indic\u00f3 en ese sentido, que en los tres meses que lleva al frente de la instituci\u00f3n, ya han dejado abiertas oficinas en Punta Cana, provincia La Altagracia, y en Puerto Plata y ahora en La Vega, \u201cy as\u00ed continuaremos haci\u00e9ndolo en otras demarcaciones hasta abarcar todo el territorio nacional\u201d.<\/p>\n\n\n\n<p>Advirti\u00f3 que su misi\u00f3n como titular de la instituci\u00f3n es hacer cumplir la Ley 358-05 de Protecci\u00f3n de los Derechos del Consumidor o Usuario, \u201ccomo lo hemos venido haciendo, dentro de un marco de respeto y relaci\u00f3n equitativa entre proveedores y consumidores\u201d.<\/p>\n\n\n\n<p>Manifest\u00f3 que la ley que crea a Pro Consumidor establece muy claro que toda persona tiene derechos a disponer de bienes y servicios de calidad, a una informaci\u00f3n objetiva, veraz y oportuna sobre el contenido y las caracter\u00edsticas de los productos y servicios que use o consuma, \u201cy precisamente eso es lo que exigimos a los comerciantes y proveedores, que se apeguen a la ley\u201d.<\/p>\n\n\n\n<p>Eddy Alc\u00e1ntara record\u00f3 que recientemente la C\u00e1mara de Comercio y Producci\u00f3n de esta provincia solicit\u00f3 al Gobierno una oficina en esta ciudad&nbsp; por su gran&nbsp; actividad comercial y productiva, \u201cy justo en este momento la estamos dejando inaugurada\u201d.<\/p>\n\n\n\n<p>\u00abNos sentimos satisfechos que hoy estamos cumpliendo a ese llamado, ya que los consumidores de esta parte del Cibao necesitaban un organismo que garantizara sus derechos de recibir productos con la calidad necesaria para su comercializaci\u00f3n, entre otros derechos de consumo que contempla la normativa\u00bb, dijo.<\/p>\n\n\n\n<p>En el acto tambi\u00e9n habl\u00f3 el senador Ram\u00f3n Rogelio Genao, la gobernadora Luisa Altagracia Jim\u00e9nez Cabreja y la presidenta de la C\u00e1mara de Comercio y Producci\u00f3n de La Vega, Irlonca Tav\u00e1rez.<\/p>\n\n\n\n<p>Tambi\u00e9n estuvieron presentes los encargados de los departamentos de Buenas Pr\u00e1cticas Comerciales e Inspecci\u00f3n y Vigilancia, Carlos P\u00e9rez y Eusebio Pe\u00f1a, respectivamente, as\u00ed como la encargada de Coordinaci\u00f3n Provincial, Odesa Acosta, y el encargado de la oficina de Pro Consumidor en La Vega, Jos\u00e9 Ross\u00f3.<\/p>\n\n\n\n<p><strong>PIE DE FOTO\u2026<\/strong><\/p>\n\n\n\n<p>LA VEGA.- El director ejecutivo de Pro Consumidor, doctor Eddy Alc\u00e1ntara corta la cinta para dejar formalmente inaugurada la nueva oficina de esa instituci\u00f3n en esta ciudad.<\/p>\n\n\n\n<p><strong>DIRECCI\u00d3N DE COMUNICACI\u00d3N<\/strong><\/p>\n","protected":false},"excerpt":{"rendered":"<p>Inaugura local en La Vega La Vega.- El director ejecutivo del Instituto Nacional de Protecci\u00f3n de los Derechos del Consumidor (Pro Consumidor) dijo aqu\u00ed que esa entidad ha decidido abrir oficinas en todas las provincias para frenar \u201cmuchos abusos\u201d que se cometen contra consumidores y usuarios de bienes y servicios. El doctor Eddy Alc\u00e1ntara manifest\u00f3 [&hellip;]<\/p>\n","protected":false},"author":7,"featured_media":284735,"comment_status":"closed","ping_status":"","sticky":true,"template":"","format":"standard","meta":{"footnotes":""},"categories":[20,27],"tags":[],"class_list":["post-284715","post","type-post","status-publish","format-standard","has-post-thumbnail","hentry","category-dominicana-hoy","category-portada"],"_links":{"self":[{"href":"https:\/\/diariodominicano.com\/index.php?rest_route=\/wp\/v2\/posts\/284715","targetHints":{"allow":["GET"]}}],"collection":[{"href":"https:\/\/diariodominicano.com\/index.php?rest_route=\/wp\/v2\/posts"}],"about":[{"href":"https:\/\/diariodominicano.com\/index.php?rest_route=\/wp\/v2\/types\/post"}],"author":[{"embeddable":true,"href":"https:\/\/diariodominicano.com\/index.php?rest_route=\/wp\/v2\/users\/7"}],"replies":[{"embeddable":true,"href":"https:\/\/diariodominicano.com\/index.php?rest_route=%2Fwp%2Fv2%2Fcomments&post=284715"}],"version-history":[{"count":2,"href":"https:\/\/diariodominicano.com\/index.php?rest_route=\/wp\/v2\/posts\/284715\/revisions"}],"predecessor-version":[{"id":284741,"href":"https:\/\/diariodominicano.com\/index.php?rest_route=\/wp\/v2\/posts\/284715\/revisions\/284741"}],"wp:featuredmedia":[{"embeddable":true,"href":"https:\/\/diariodominicano.com\/index.php?rest_route=\/wp\/v2\/media\/284735"}],"wp:attachment":[{"href":"https:\/\/diariodominicano.com\/index.php?rest_route=%2Fwp%2Fv2%2Fmedia&parent=284715"}],"wp:term":[{"taxonomy":"category","embeddable":true,"href":"https:\/\/diariodominicano.com\/index.php?rest_route=%2Fwp%2Fv2%2Fcategories&post=284715"},{"taxonomy":"post_tag","embeddable":true,"href":"https:\/\/diariodominicano.com\/index.php?rest_route=%2Fwp%2Fv2%2Ftags&post=284715"}],"curies":[{"name":"wp","href":"https:\/\/api.w.org\/{rel}","templated":true}]}}