{"id":284638,"date":"2021-07-02T04:10:21","date_gmt":"2021-07-02T08:10:21","guid":{"rendered":"http:\/\/diariodominicano.com\/?p=284638"},"modified":"2021-07-02T18:35:30","modified_gmt":"2021-07-02T22:35:30","slug":"cientos-familias-dominicanas-alto-manhattan-sufren-apagon-por-intenso-calor","status":"publish","type":"post","link":"https:\/\/diariodominicano.com\/?p=284638","title":{"rendered":"Cientos familias dominicanas Alto Manhattan sufren apag\u00f3n por intenso calor"},"content":{"rendered":"\n<p><strong>Por Ram\u00f3n Mercedes<\/strong><\/p>\n\n\n\n<p>NUEVA YORK.-&nbsp;Cientos de familias dominicanas residentes entre las calles 173 y 176, en el sector de Washington Heights en el Alto Manhattan, habitado mayormente por quisqueyanos, sufri\u00f3 este jueves un prolongado apag\u00f3n por el intenso calor que ha azotado esta ciudad y varios estados de los Estados Unidos en los \u00faltimos d\u00edas.<\/p>\n\n\n\n<p>La sensaci\u00f3n t\u00e9rmica lleg\u00f3 a situarse este mi\u00e9rcoles por encima de los 105\u00b0 Fahrenheit (41\u00b0 Celsius) en la Gran Manzana. Miles de pompas abierta, las aceras estaban abarrotadas de neoyorkinos consumiendo todo tipo de l\u00edquido y ba\u00f1\u00e1ndose en los hidrantes.<\/p>\n\n\n\n<p>La interrupci\u00f3n del servicio el\u00e9ctrico en el Alto Manhattan es la mayor en la ciudad hasta este jueves a las 12:45 del mediod\u00eda, y las \u00fanicas otras interrupciones en Manhattan son dos personas individuales en el Upper West Side y en el Meatpacking District.<\/p>\n\n\n\n<p>Los afectados por la interrupci\u00f3n son unos 2.000 residentes, seg\u00fan la empresa de Con Edison, que estuvo distribuyendo hielo seco a los clientes afectados.<\/p>\n\n\n\n<p>El intenso calor afecta a varios estados, llegando las temperaturas en algunos de ellos a 117\u00b0 F, causando la muerte a m\u00e1s de 70 personas en el territorio estadounidense.<\/p>\n\n\n\n<p>La mayor\u00eda de las v\u00edctimas murieron a causa de hipotermia, una subida de la temperatura temporal ante la incapacidad del organismo de lidiar con las condiciones externas. Perecieron en cuartos que no ten\u00edan aire acondicionado.<\/p>\n","protected":false},"excerpt":{"rendered":"<p>Por Ram\u00f3n Mercedes NUEVA YORK.-&nbsp;Cientos de familias dominicanas residentes entre las calles 173 y 176, en el sector de Washington Heights en el Alto Manhattan, habitado mayormente por quisqueyanos, sufri\u00f3 este jueves un prolongado apag\u00f3n por el intenso calor que ha azotado esta ciudad y varios estados de los Estados Unidos en los \u00faltimos d\u00edas. [&hellip;]<\/p>\n","protected":false},"author":7,"featured_media":284650,"comment_status":"closed","ping_status":"","sticky":true,"template":"","format":"standard","meta":{"footnotes":""},"categories":[23,27],"tags":[],"class_list":["post-284638","post","type-post","status-publish","format-standard","has-post-thumbnail","hentry","category-internacional","category-portada"],"_links":{"self":[{"href":"https:\/\/diariodominicano.com\/index.php?rest_route=\/wp\/v2\/posts\/284638","targetHints":{"allow":["GET"]}}],"collection":[{"href":"https:\/\/diariodominicano.com\/index.php?rest_route=\/wp\/v2\/posts"}],"about":[{"href":"https:\/\/diariodominicano.com\/index.php?rest_route=\/wp\/v2\/types\/post"}],"author":[{"embeddable":true,"href":"https:\/\/diariodominicano.com\/index.php?rest_route=\/wp\/v2\/users\/7"}],"replies":[{"embeddable":true,"href":"https:\/\/diariodominicano.com\/index.php?rest_route=%2Fwp%2Fv2%2Fcomments&post=284638"}],"version-history":[{"count":2,"href":"https:\/\/diariodominicano.com\/index.php?rest_route=\/wp\/v2\/posts\/284638\/revisions"}],"predecessor-version":[{"id":284740,"href":"https:\/\/diariodominicano.com\/index.php?rest_route=\/wp\/v2\/posts\/284638\/revisions\/284740"}],"wp:featuredmedia":[{"embeddable":true,"href":"https:\/\/diariodominicano.com\/index.php?rest_route=\/wp\/v2\/media\/284650"}],"wp:attachment":[{"href":"https:\/\/diariodominicano.com\/index.php?rest_route=%2Fwp%2Fv2%2Fmedia&parent=284638"}],"wp:term":[{"taxonomy":"category","embeddable":true,"href":"https:\/\/diariodominicano.com\/index.php?rest_route=%2Fwp%2Fv2%2Fcategories&post=284638"},{"taxonomy":"post_tag","embeddable":true,"href":"https:\/\/diariodominicano.com\/index.php?rest_route=%2Fwp%2Fv2%2Ftags&post=284638"}],"curies":[{"name":"wp","href":"https:\/\/api.w.org\/{rel}","templated":true}]}}