{"id":284636,"date":"2021-07-02T03:55:45","date_gmt":"2021-07-02T07:55:45","guid":{"rendered":"http:\/\/diariodominicano.com\/?p=284636"},"modified":"2021-07-02T04:07:42","modified_gmt":"2021-07-02T08:07:42","slug":"47-millones-personas-viajaran-en-eua-por-dia-de-independencia-entre-ellos-miles-de-dominicanos","status":"publish","type":"post","link":"https:\/\/diariodominicano.com\/?p=284636","title":{"rendered":"47 millones personas viajar\u00e1n en EUA por D\u00eda de Independencia; entre ellos miles de dominicanos"},"content":{"rendered":"\n<p><strong>Por Ram\u00f3n Mercedes<\/strong><\/p>\n\n\n\n<p><strong>NUEVA YORK.-<\/strong>&nbsp;La Asociaci\u00f3n Estadounidense del Autom\u00f3vil (AAA) inform\u00f3 que 47 millones 700 mil personas, entre ellas miles de dominicanos, viajar\u00e1n a lo interno de los Estados Unidos por motivo del D\u00eda de Independencia, a celebrarse el pr\u00f3ximo domingo d\u00eda 4.<\/p>\n\n\n\n<p>Los estadounidenses har\u00e1n al menos un viaje dentro del pa\u00eds durante el fin de semana del D\u00eda de la Independencia (4 de julio), la segunda mayor cifra desde que la AAA, la mayor organizaci\u00f3n de automovilistas de EE.UU., lleva la cuenta.<\/p>\n\n\n\n<p>Los viajes se efectuar\u00e1n entre el 1 y el 5 de este mes. 43,6 millones lo har\u00e1n en autom\u00f3vil; 3,5 millones en avi\u00f3n y 620.000 en otros medios de transporte.<\/p>\n\n\n\n<p>La cifra representa un 40 % de aumento respecto al D\u00eda de la Independencia de 2020, el a\u00f1o de la pandemia y las restricciones de movimiento, y es solo un 2,5 % menor a la de 2019, cuando los viajeros sumaron un r\u00e9cord de 48,9 millones.<\/p>\n\n\n\n<p>Entre las ciudades m\u00e1s visitados figuran Orlando, Denver, Nueva York Chicago, Atlanta, Bostn, y Kahului en Hawai.<\/p>\n","protected":false},"excerpt":{"rendered":"<p>Por Ram\u00f3n Mercedes NUEVA YORK.-&nbsp;La Asociaci\u00f3n Estadounidense del Autom\u00f3vil (AAA) inform\u00f3 que 47 millones 700 mil personas, entre ellas miles de dominicanos, viajar\u00e1n a lo interno de los Estados Unidos por motivo del D\u00eda de Independencia, a celebrarse el pr\u00f3ximo domingo d\u00eda 4. Los estadounidenses har\u00e1n al menos un viaje dentro del pa\u00eds durante el [&hellip;]<\/p>\n","protected":false},"author":7,"featured_media":284651,"comment_status":"closed","ping_status":"","sticky":true,"template":"","format":"standard","meta":{"footnotes":""},"categories":[23,27],"tags":[],"class_list":["post-284636","post","type-post","status-publish","format-standard","has-post-thumbnail","hentry","category-internacional","category-portada"],"_links":{"self":[{"href":"https:\/\/diariodominicano.com\/index.php?rest_route=\/wp\/v2\/posts\/284636","targetHints":{"allow":["GET"]}}],"collection":[{"href":"https:\/\/diariodominicano.com\/index.php?rest_route=\/wp\/v2\/posts"}],"about":[{"href":"https:\/\/diariodominicano.com\/index.php?rest_route=\/wp\/v2\/types\/post"}],"author":[{"embeddable":true,"href":"https:\/\/diariodominicano.com\/index.php?rest_route=\/wp\/v2\/users\/7"}],"replies":[{"embeddable":true,"href":"https:\/\/diariodominicano.com\/index.php?rest_route=%2Fwp%2Fv2%2Fcomments&post=284636"}],"version-history":[{"count":2,"href":"https:\/\/diariodominicano.com\/index.php?rest_route=\/wp\/v2\/posts\/284636\/revisions"}],"predecessor-version":[{"id":284652,"href":"https:\/\/diariodominicano.com\/index.php?rest_route=\/wp\/v2\/posts\/284636\/revisions\/284652"}],"wp:featuredmedia":[{"embeddable":true,"href":"https:\/\/diariodominicano.com\/index.php?rest_route=\/wp\/v2\/media\/284651"}],"wp:attachment":[{"href":"https:\/\/diariodominicano.com\/index.php?rest_route=%2Fwp%2Fv2%2Fmedia&parent=284636"}],"wp:term":[{"taxonomy":"category","embeddable":true,"href":"https:\/\/diariodominicano.com\/index.php?rest_route=%2Fwp%2Fv2%2Fcategories&post=284636"},{"taxonomy":"post_tag","embeddable":true,"href":"https:\/\/diariodominicano.com\/index.php?rest_route=%2Fwp%2Fv2%2Ftags&post=284636"}],"curies":[{"name":"wp","href":"https:\/\/api.w.org\/{rel}","templated":true}]}}