{"id":284054,"date":"2021-06-30T01:11:26","date_gmt":"2021-06-30T05:11:26","guid":{"rendered":"http:\/\/diariodominicano.com\/?p=284054"},"modified":"2021-06-30T01:20:09","modified_gmt":"2021-06-30T05:20:09","slug":"el-dia-que-nacio-juan-bosch-4","status":"publish","type":"post","link":"https:\/\/diariodominicano.com\/?p=284054","title":{"rendered":"El d\u00eda que naci\u00f3 Juan Bosch"},"content":{"rendered":"\n<p> Por H\u00e9ctor Tineo Nolasco<br>LA VEGA, el 30 de junio de 1909, naci\u00f3 en La Vega Juan Bosch Gavi\u00f1o, hijo de Jos\u00e9 Bosch Subir\u00e1ts y Angela Gavi\u00f1o Costales. Se destac\u00f3 como novelista, cuentista y pol\u00edtico. Fue calificado como maestro de la narrativa por escritores latinoamericanos, incluido el premio nobel de literatura Gabriel Garc\u00eda M\u00e1rquez.<\/p>\n\n\n\n<p>Juan Bosch dedic\u00f3 su vida al servicio de lo que fue en \u00e9l un ideal permanente: una sociedad donde la pobreza no sea una barrera que impida el desarrollo humano.<\/p>\n\n\n\n<p>Su sensibilidad social y amor por la libertad lo llev\u00f3 a la pol\u00edtica, actividad que concibi\u00f3 como el patricio Juan Pablo Duarte: \u00abla ciencia m\u00e1s pura despu\u00e9s de la filosof\u00eda\u00bb y en su opini\u00f3n un instrumento para servir a la patria.<\/p>\n\n\n\n<figure class=\"wp-block-image size-large is-style-default\"><img loading=\"lazy\" decoding=\"async\" width=\"1024\" height=\"526\" src=\"https:\/\/diariodominicano.com\/wp-content\/uploads\/2021\/06\/Juan-Bosch-G-1-1024x526.jpg\" alt=\"\" class=\"wp-image-284058\" srcset=\"https:\/\/diariodominicano.com\/wp-content\/uploads\/2021\/06\/Juan-Bosch-G-1-1024x526.jpg 1024w, https:\/\/diariodominicano.com\/wp-content\/uploads\/2021\/06\/Juan-Bosch-G-1-300x154.jpg 300w, https:\/\/diariodominicano.com\/wp-content\/uploads\/2021\/06\/Juan-Bosch-G-1-768x395.jpg 768w, https:\/\/diariodominicano.com\/wp-content\/uploads\/2021\/06\/Juan-Bosch-G-1-1536x789.jpg 1536w, https:\/\/diariodominicano.com\/wp-content\/uploads\/2021\/06\/Juan-Bosch-G-1-2048x1052.jpg 2048w, https:\/\/diariodominicano.com\/wp-content\/uploads\/2021\/06\/Juan-Bosch-G-1-816x419.jpg 816w\" sizes=\"auto, (max-width: 1024px) 100vw, 1024px\" \/><\/figure>\n\n\n\n<p>Naci\u00f3 en d\u00edas dif\u00edciles para la Rep\u00fablica Dominicana. Menos de 10 a\u00f1os antes se hab\u00eda producido el asesinato del dictador Ulises ?Lil\u00eds- Heureaux, el 26 de julio de 1899, en la ciudad de Moca. Y el 19 de noviembre de 1911, fue asesinado el presidente Ram\u00f3n C\u00e1ceres.<\/p>\n\n\n\n<p>En 1907 el Gobierno dominicano hab\u00eda suscrito la Convenci\u00f3n de 1907, en virtud de la cual las aduanas de la Rep\u00fablica Dominicana pasaron al control del Gobierno de Estados Unidos.<\/p>\n\n\n\n<p>Eran los d\u00edas de las luchas intestinas y de la pobreza extrema en los campos y ciudades dominicanas.<\/p>\n\n\n\n<p>Por su rechazo a la dictadura de Rafael Leonidas Trujillo Molina tuvo que vivir durante m\u00e1s de 23 a\u00f1os exiliado en varios pa\u00edses latinoamericanos y del Caribe.<\/p>\n\n\n\n<p>En la Habana, Cuba, encabez\u00f3 al grupo de exiliados que fundaron el Partido Revolucionario Dominicano, en el a\u00f1o 1939. Al regresar al pa\u00eds en el a\u00f1o 1961 se convirti\u00f3 en el l\u00edder de la organizaci\u00f3n y fue su primer candidato presidencial.<\/p>\n\n\n\n<p>Las elecciones organizadas por el Consejo de Estado, presidido por el licenciado Rafael F. Bonelly, terminaron con la victoria del Partido Revolucionario Dominicano, que obtuvo 619 mil 491 para las candidaturas de Bosch y Gonz\u00e1lez Tamayo y para los candidatos congresuales y municipales, 592 mil 88.<\/p>\n\n\n\n<p>Uni\u00f3n C\u00edvica Nacional, que llev\u00f3 como candidato presidencial al doctor Viriato Fiallo, el principal adversario de Bosch, logr\u00f3 317 mil 327 para las candidaturas nacionales y para las congresuales y municipales 315 mil 371.<\/p>\n\n\n\n<p>Juan Bosch Presidente<\/p>\n\n\n\n<p>El total de votos emitidos para las candidaturas nacionales de las distintas fuerzas pol\u00edticas que participaron en las elecciones del 20 de diciembre de 1962, fue de un mill\u00f3n 54 mil 944 votos y para las congresuales un mill\u00f3n 48 mil cuatro.<\/p>\n\n\n\n<p>El Partido Revolucionario Dominicano, adem\u00e1s de ganar la Presidencia de la Rep\u00fablica, logr\u00f3 una mayor\u00eda determinante en el Congreso Nacional y los municipios.<\/p>\n\n\n\n<p>En el a\u00f1o 1962, la Rep\u00fablica Dominicana ten\u00eda el Distrito Nacional y 26 provincias, que formaban 78 municipios.<\/p>\n\n\n\n<p>El PRD obtuvo 22 senadores, 49 diputados y 63 s\u00edndicos. La Uni\u00f3n C\u00edvica Nacional gan\u00f3 cuatro senadores, 20 diputados y 11 s\u00edndicos.<\/p>\n\n\n\n<p>Los m\u00e1s votados<\/p>\n\n\n\n<p>Juan Bosch y Armando Segundo Gonz\u00e1lez Tamayo, ganaron con el 59.53 por ciento de los votos echados en las urnas, el porcentaje m\u00e1s alto que ha logrado un binomio en la historia electoral de la Rep\u00fablica Dominicana.<\/p>\n\n\n\n<p>Sin embargo, eso no fue \u00f3bice para que los enemigos de Juan Bosch desencadenaran un plan conspirativo para acabar con la expresi\u00f3n de la voluntad popular.<\/p>\n\n\n\n<p>Lo que no lograron en las primeras elecciones democr\u00e1ticas, se propusieron alcanzarlo por la v\u00eda del golpe de Estado. Los grupos conservadores que acusaban a Bosch de comunista se aliaron y con el apoyo del Gobierno de Estados Unidos, del presidente Jhonn F Kennedy, derrocaron su Gobierno el 25 de septiembre de 1963, lo que tendr\u00eda como consecuencia en Rep\u00fablica Dominicana la guerrilla de 1963 y la guerra de abril de 1965.<\/p>\n\n\n\n<p>Bosch y Gonz\u00e1lez Tamayo se impusieron a los obst\u00e1culos. En su libro \u00abCrisis de la Democracia de Am\u00e9rica en la Rep\u00fablica Dominicana\u00bb, el profesor Bosch anota:<\/p>\n\n\n\n<p>\u00abA medida que avanzaba el mes de noviembre y se sent\u00eda f\u00edsicamente el crecimiento del PRD, comenzaron a aparecer los trucos que hab\u00edan sido elaborados por los c\u00edvicos a trav\u00e9s de su \u00f3rgano de Gobierno, que era el Consejo de Estado. La Junta Central Electoral dijo que no habr\u00eda votos de colores, y cuando los abogados perrede\u00edstas revisaron la Ley Electoral se hallaron con el art\u00edculo m\u00e1s curioso que jam\u00e1s hab\u00eda habido en ley alguna, un p\u00e1rrafo que dec\u00eda m\u00e1s o menos lo siguiente: &#8216;los votos ser\u00e1n de colores, un color para cada partido, pero la Junta Central Electoral puede disponer que sean todos de un mismo color&#8217;. Mandar algo y autorizar lo contrario en un mismo art\u00edculo es un aut\u00e9ntico &#8216;cr\u00e9alo o no lo crea&#8217; en la historia de la legislaci\u00f3n universal\u00bb.<\/p>\n\n\n\n<p>Bosch recuerda que la situaci\u00f3n hizo crisis porque el alto mando militar le advirti\u00f3 al Consejo de Estado que si no hab\u00eda elecciones el 20 de diciembre, tomar\u00edan el poder el 27 de febrero de 1963, tal como lo dice la Constituci\u00f3n.<\/p>\n\n\n\n<p>Bosch anota que el Consejo de Estado se pleg\u00f3 a la voluntad de los militares. El Presidente de la Junta Central Electoral fue llamado al Palacio Nacional y al d\u00eda siguiente se dio la noticia de que habr\u00eda votos de colores, aunque cuatro partidos tendr\u00edan el voto blanco, lo que en opini\u00f3n del candidato presidencial del PRD, ten\u00eda el prop\u00f3sito de afectarlo.<\/p>\n\n\n\n<p>Desde antes de la toma de posesi\u00f3n, los enemigos de Juan Bosch y el PRD comenzaron a agruparse hasta lograr un frente que uni\u00f3 a pol\u00edticos, empresarios y militares, terratenientes, con el benepl\u00e1cito del Gobierno estadounidense del presidente Kennedy, ya que Bosch era acusado de comunista.<\/p>\n\n\n\n<p>Hombres de negocios se organizan en el plan golpista<\/p>\n\n\n\n<p>Los hombres de negocios formaron el Consejo Nacional de Hombres de Empresa, con el objetivo de contribuir a derrocar al Gobierno del profesor Juan Bosch.<\/p>\n\n\n\n<p>El primer presidente del Consejo Nacional de Hombres de Empresa, Jos\u00e9 Ernesto Garc\u00eda Aybar, en una entrevista que concedi\u00f3 al historiador Frank Moya Pons, cuyos detalles revela en su obra Empresarios en Conflictos, le confes\u00f3 que la organizaci\u00f3n fue creada para \u00abtumbar\u00bb el Gobierno de Juan Bosch.<\/p>\n\n\n\n<p>El Presidente Bosch y el Vicepresidente Gonz\u00e1lez Tamayo, tomaron posesi\u00f3n el 27 de febrero de 1963.<\/p>\n\n\n\n<p>El acto reuni\u00f3 a personalidades del mundo democr\u00e1tico, entre los que se encontraban el Presidente de Venezuela, R\u00f3mulo Betancourt, el vicepresidente de Estados Unidos, Lindon B. Johnson y el Presidente del Estado Libre Asociado de Puerto Rico, Luis Mu\u00f1oz Mar\u00edn.<\/p>\n\n\n\n<p>Bosch influido por el pensamiento hostosiono<\/p>\n\n\n\n<p>Juan Bosch, un hombre marcado por el pensamiento hostosiano, que en una ocasi\u00f3n dijo:<\/p>\n\n\n\n<p>\u00abSi mi vida llegara a ser tan importante que se justificara alg\u00fan d\u00eda escribir sobre ella, habr\u00eda que empezar diciendo:<\/p>\n\n\n\n<p>Naci\u00f3 en la La Vega, Rep\u00fablica Dominicana, el 30 de junio de 1909, y volvi\u00f3 a nacer en San Juan de Puerto Rico a principios de 1938, cuando la<\/p>\n\n\n\n<p>Lectura, de los originales de Eugenio Mar\u00eda de Hostos le permiti\u00f3 conocer<\/p>\n\n\n\n<p>qu\u00e9 fuerzas mueven, y como las mueven, el alma de un hombre consagrado al servicio de los dem\u00e1s\u00bb.<\/p>\n\n\n\n<p>En el discurso que pronunci\u00f3 luego de recibir la banda presidencial, el profesor Juan Bosch expres\u00f3 su pensamiento democr\u00e1tico y su meta de alcanzar un estado de justicia social en la Rep\u00fablica Dominicana.<\/p>\n\n\n\n<p>Fue un mensaje extra\u00f1o en una sociedad marcada por el autoritarismo, que quisieron continuar los que tomaron el poder pol\u00edtico y militar al caer la dictadura de Trujillo.<\/p>\n\n\n\n<p>Se trataba de gente que con sus actos demostr\u00f3 que su problema no era la dictadura, sino su imposibilidad de disfrutar de los privilegios de los beneficiarios de la tiran\u00eda.<\/p>\n\n\n\n<p>Por ello, el discurso del Presidente Bosch, con el mensaje democr\u00e1tico, los inquiet\u00f3 y con el pretexto de que era comunista dieron riendas sueltas a sus planes golpistas.<\/p>\n\n\n\n<p>Entre sus primeras frases en la toma de posesi\u00f3n Bosch dej\u00f3 claro que en una sociedad democr\u00e1tica no pueden existir privilegios para \u00e9lites de la sociedad.<\/p>\n\n\n\n<p>Llam\u00f3 la atenci\u00f3n de los nuevos miembros del Congreso Nacional y les advirti\u00f3 que de ellos el pueblo dominicano espera que contribuyan a que el pa\u00eds logre un espacio en el conjunto de naciones democr\u00e1ticas avanzadas.<\/p>\n\n\n\n<p>En su discurso de toma de posesi\u00f3n el 27 de febrero de 1963, el Presidente Juan Bosch dijo que los dominicanos debemos hacer un uso inteligente de los recursos pol\u00edticos e invit\u00f3 a emular a los fundadores de la Rep\u00fablica.<\/p>\n\n\n\n<p>Contrario al plan de sus adversarios pol\u00edticos, Juan Bosch deseaba la paz pol\u00edtica en la Rep\u00fablica Dominicana. A su juicio, hab\u00eda llegado la hora de olvidar los odios.<\/p>\n\n\n\n<p>En opini\u00f3n de Juan Bosch, un gobernante democr\u00e1tico tiene que tener el o\u00eddo atento para escuchar la verdad.<\/p>\n\n\n\n<p>El Presidente Juan Bosch cifr\u00f3 la confianza en el porvenir y consider\u00f3 que los dominicanos debemos unirnos a los que trabajan y piensan en el porvenir.<\/p>\n\n\n\n<p>Los golpistas no hacen pausa<\/p>\n\n\n\n<p>El discurso del Presidente Bosch en lugar de provocar la reflexi\u00f3n de sus adversarios pol\u00edticos, los estimul\u00f3 para continuar su campa\u00f1a contra el Gobierno y acusarlo de comunista.<\/p>\n\n\n\n<p>El Presidente Bosch y el Congreso Nacional lograron reformar la Constituci\u00f3n de la Rep\u00fablica de la Era de Trujillo. Luego de su promulgaci\u00f3n de nuevo el pa\u00eds logr\u00f3 una Carta Magna que consagraba las libertades p\u00fablicas y derechos sociales.<\/p>\n\n\n\n<p>La Constituci\u00f3n Democr\u00e1tica de 1963, hizo recordar la primera Constituci\u00f3n Democr\u00e1tica que se dio el pa\u00eds como fruto de la revoluci\u00f3n liberal del 7 de julio de 1857, la cual fue votada en Moca, en el a\u00f1o 1858.<\/p>\n\n\n\n<p>La acusaci\u00f3n de comunista contra el Gobierno Constitucional de 1963, se reforzar\u00eda cuando el Presidente Juan Bosch se neg\u00f3 a aceptar las presiones para que deportara del pa\u00eds a un grupo de dominicanos que eran acusados de comunistas.<\/p>\n\n\n\n<p>En ese momento la acusaci\u00f3n era grave porque la \u00abGuerra Fr\u00eda\u00bb estaba al rojo vivo, en raz\u00f3n de que Estados Unidos tem\u00eda que surgiera otra Cuba en el Caribe.<\/p>\n\n\n\n<p>En el libro \u00abCrisis de la Democracia de Am\u00e9rica en la Rep\u00fablica Dominicana\u00bb, el profesor Bosch afirma:<\/p>\n\n\n\n<p>\u00abLos tutumpotes c\u00edvicos hab\u00edan perdido la batalla de los trucos legales; entonces se dedicaron con toda el alma a echar las bases pol\u00edticas del golpe de Estado que lograron dar, al fin, el 25 de septiembre de 1963\u00bb.<\/p>\n\n\n\n<p>De los militares anota: \u00abEn noviembre de 1962, los jefes militares quer\u00edan seguridad, y la pod\u00edan obtener haci\u00e9ndose pasar por defensores de la Constituci\u00f3n; en septiembre de 1963, quer\u00edan ventajas que un Gobierno constitucional no pod\u00eda darles, y en ese caso la Constituci\u00f3n era un estorbo.<\/p>\n\n\n\n<p>Respecto al rol de la Iglesia Cat\u00f3lica, Bosch destaca: El padre L\u00e1utico Garc\u00eda admiti\u00f3 que yo no era comunista, pero los sacerdotes que hab\u00edan tomado la vanguardia en la ofensiva contra el PRD no cejaron un paso\u00bb. Siguieron sus posiciones hasta despu\u00e9s de la ca\u00edda del Gobierno.<\/p>\n\n\n\n<p>El golpe de Estado fue antecedido por una huelga general que organizaron los empresarios durante los d\u00edas 20 y 21 de septiembre de 1963. Y por un deterioro de las relaciones dom\u00ednico-haitianas.<\/p>\n\n\n\n<p>Todo comenz\u00f3 cuando el Presidente Juan Bosch recibi\u00f3 la informaci\u00f3n de que en el pa\u00eds exist\u00eda un campo de entrenamiento de enemigos del dictador Francois Duvaliere, sin el conocimiento del Presidente dominicano, porque el Gobierno norteamericano deseaba derrocar al dictador haitiano porque pensaba era comunista.<\/p>\n\n\n\n<p>Juan Bosch dijo en una entrevista el 21 de abril de 1977, que el Gobierno de John F. Kennedy pensaba que Francois Duvaliere, se hab\u00eda convertido en un comunista porque recibi\u00f3 en Puerto Pr\u00edncipe a un funcionario del Gobierno polaco.<\/p>\n\n\n\n<p>Por ello, traz\u00f3 un plan contra Duvaliere, llamado Pap\u00e1 Doc, el cual ser\u00eda dirigido por un enemigo suyo el ex general Le\u00f3n Cantave, quien hab\u00eda huido de Hait\u00ed.<\/p>\n\n\n\n<p>Sin embargo, Bosch se enter\u00f3 por una informaci\u00f3n que public\u00f3 El Caribe, de que Cantave tocaba el territorio nacional y que sus hombres se entrenar\u00edan en alg\u00fan lugar de la Rep\u00fablica Dominicana.<\/p>\n\n\n\n<p>Juan Bosch entiende que ese hecho y la investigaci\u00f3n que orden\u00f3, llevaron al Gobierno de Estados Unidos, a apoyar el golpe de Estado contra su Gobierno el 25 de septiembre de 1963.<\/p>\n\n\n\n<p>Los golpistas formaron triunvirato<\/p>\n\n\n\n<p>Al consumar el atentado a la Constituci\u00f3n de la Rep\u00fablica, el 25 de septiembre de 1965, los golpistas formaron un triunvirato presidido por el licenciado Emilio de los Santos, quien renunci\u00f3 al conocer la noticia del fusilamiento del doctor Manuel Aurelio Tav\u00e1rez Justo y un grupo de sus compa\u00f1eros de la guerrilla del Movimiento Revolucionario 14 de junio, en noviembre de 1963.<\/p>\n\n\n\n<p>A partir de ese acontecimiento, en el pa\u00eds se recrudeci\u00f3 la intolerancia pol\u00edtica y muchos dominicanos fueron perseguidos por sus ideas pol\u00edticas y otros deportados.<\/p>\n\n\n\n<p>En 1963 la acusaci\u00f3n contra los que no apoyaban el Gobierno de facto era la de agentes del comunismo.<\/p>\n\n\n\n<p>El Golpe de Estado tuvo como consecuencia la guerrilla de 1963, liderada por Manolo Tav\u00e1rez Justo, quien fue fusilado junto a sus compa\u00f1eros en Las Manaclas; y la Guerra de Abril de 1965, en la que murieron miles de dominicanos y provoc\u00f3 la segunda intervenci\u00f3n militar de Estados Unidos en el siglo XX contra la Rep\u00fablica Dominicana.<\/p>\n\n\n\n<p>La \u00abGuerra de Abril de 1965&#8243; termin\u00f3 el 3 de septiembre de 1965\u00bb, con la juramentaci\u00f3n del Presidente Provisional H\u00e9ctor Garc\u00eda-Godoy.<\/p>\n\n\n\n<p>De esa manera termin\u00f3 el per\u00edodo de los dos gobiernos que surgieron en Mayo de ese a\u00f1o, y tom\u00f3 posesi\u00f3n como Presidente Provisional, H\u00e9ctor Garc\u00eda-Godoy C\u00e1ceres.<\/p>\n\n\n\n<p>La selecci\u00f3n de H\u00e9ctor Garc\u00eda-Godoy C\u00e1ceres, un diplom\u00e1tico de carrera nativo de Estancia Nueva, Moca, fue el fruto de intensas negociaciones entre las partes en conflicto con la participaci\u00f3n de la representaci\u00f3n de Estados Unidos, ante la Organizaci\u00f3n de los Estados Americanos (OEA).<\/p>\n\n\n\n<p>Durante el per\u00edodo Mayo-Septiembre el pa\u00eds tuvo dos gobiernos: El Gobierno \u00abConstitucionalista\u00bb, presidido por el Coronel Francisco Alberto Caama\u00f1o De\u00f1\u00f3, l\u00edder de las fuerzas que luchaban por el retorno a la Constitucionalidad, interrumpida por el golpe de Estado contra el Presidente Juan Bosch, el 25 de septiembre de 1963; y el \u00abGobierno de Reconstrucci\u00f3n Nacional\u00bb, presidido por el general Antonio Imbert Barreras, quien lideraba a los sectores militares y civiles que se unieron para derrocar el Gobierno de Bosch.<\/p>\n\n\n\n<p>Retorno de Bosch a la Presidencia sin elecciones<\/p>\n\n\n\n<p>El \u00abGobierno Constitucionalista\u00bb luchaba por el retorno de Bosch al poder sin elecciones, porque su Gobierno fue derrocado a los siete meses.<\/p>\n\n\n\n<p>En cambio, el r\u00e9gimen encabezado por Imbert Barreras, quien es un sobreviviente de la trama que termin\u00f3 con la vida del dictador Trujillo, se destacaba por su lucha contra el comunismo.<\/p>\n\n\n\n<p>Para dar paso al Presidente provisional Garc\u00eda-Godoy, los presidentes Caama\u00f1o e Imbert Barreras, presentaron renuncia.<\/p>\n\n\n\n<p>Garc\u00eda-Godoy fue juramentado para que ejecutara el acuerdo convenido por las partes en conflicto, seg\u00fan el cual deb\u00eda celebrar elecciones generales el d\u00eda 1 de junio de 1966.<\/p>\n\n\n\n<p>En las negociaciones los constitucionalistas lograron con la OEA la redacci\u00f3n de un \u00abActo Institucional\u00bb basado en la Constituci\u00f3n de 1963 y suscribieron el \u00abActa de Reconciliaci\u00f3n\u00bb, el 3 de septiembre de 1965.<\/p>\n\n\n\n<p>El golpe de Estado de 1963 frustr\u00f3 el primer Gobierno democr\u00e1tico que se dio el pa\u00eds tras la ca\u00edda de Trujillo. Y ech\u00f3 por el suelo una agenda que inclu\u00eda acciones para superar las deficiencias de los servicios de electricidad, agua potable y ampliar los servicios de salud y educaci\u00f3n.<\/p>\n\n\n\n<p>Maestro de la Pol\u00edtica dominicana<\/p>\n\n\n\n<p>Bosch se mantuvo como l\u00edder del PRD hasta el a\u00f1o 1973, cuando abandon\u00f3 esa organizaci\u00f3n y fund\u00f3 el Partido de la Liberaci\u00f3n Dominicana (PLD), el cual gan\u00f3 las elecciones presidenciales del 30 de junio de 1996, con el binomio Leonel Fern\u00e1ndez-Jaime David Fern\u00e1ndez Mirabal.<\/p>\n\n\n\n<p>Bosch considerado un educador de la pol\u00edtica fue honrado por el Congreso Nacional, como Maestro de la Pol\u00edtica Dominicana.<\/p>\n\n\n\n<p>Muri\u00f3 en la ciudad de Santo Domingo el 1 de noviembre de 2001.<\/p>\n\n\n\n<p>Entre las m\u00e1s de 50 obras del profesor Juan Bosch se destacan Cuentos Escritos Antes del Exilio, Cuentos Escritos Despu\u00e9s del Exilio y las novelas La Ma\u00f1osa y El Oro y la Paz.<\/p>\n\n\n\n<p>Cpllage @EddyHerm #EddyHerm #ApuintesDeEfemerides<\/p>\n\n\n\n<h1 class=\"wp-block-heading\">H\u00e9ctorTineoNolasco #30dejuniode1909 #LaVega #novelista, #cuentista #GabrielGarc\u00edaM\u00e1rquez #Rep\u00fablicaDominicana #UlisesLil\u00edsHeureaux #Moca #Ram\u00f3nC\u00e1ceres<\/h1>\n\n\n\n<h1 class=\"wp-block-heading\">RafaelLeonidasTrujilloMolina #23a\u00f1osexiliado #Habana #Cuba #PartidoRevolucionarioDominicano #ConsejodeEstado #Uni\u00f3nC\u00edvicaNacional #ArmandoSegundoGonz\u00e1lezTamayo #GobiernodeEstadosUnidos #JhonnFKennedy #Guerradeabrilde1965 #ConsejodeEstado #JuntaCentralElectoral #VicepresidenteGonz\u00e1lezTamayo #27defebrerode1963<\/h1>\n\n\n\n<h1 class=\"wp-block-heading\">H\u00e9ctorGarc\u00edaGodoyC\u00e1ceres #EstanciaNuevaMoca #EstadosUnidos #LaOrganizaci\u00f3ndelosEstadosAmericanos #OEA #CuentosEscritosAntes #CuentosEscritosDespu\u00e9sdelExilio #LaMa\u00f1osa #ElOroylaPaz<\/h1>\n","protected":false},"excerpt":{"rendered":"<p>Por H\u00e9ctor Tineo NolascoLA VEGA, el 30 de junio de 1909, naci\u00f3 en La Vega Juan Bosch Gavi\u00f1o, hijo de Jos\u00e9 Bosch Subir\u00e1ts y Angela Gavi\u00f1o Costales. Se destac\u00f3 como novelista, cuentista y pol\u00edtico. Fue calificado como maestro de la narrativa por escritores latinoamericanos, incluido el premio nobel de literatura Gabriel Garc\u00eda M\u00e1rquez. Juan Bosch [&hellip;]<\/p>\n","protected":false},"author":2,"featured_media":272274,"comment_status":"closed","ping_status":"","sticky":true,"template":"","format":"standard","meta":{"footnotes":""},"categories":[26,27],"tags":[],"class_list":["post-284054","post","type-post","status-publish","format-standard","has-post-thumbnail","hentry","category-efemerides","category-portada"],"_links":{"self":[{"href":"https:\/\/diariodominicano.com\/index.php?rest_route=\/wp\/v2\/posts\/284054","targetHints":{"allow":["GET"]}}],"collection":[{"href":"https:\/\/diariodominicano.com\/index.php?rest_route=\/wp\/v2\/posts"}],"about":[{"href":"https:\/\/diariodominicano.com\/index.php?rest_route=\/wp\/v2\/types\/post"}],"author":[{"embeddable":true,"href":"https:\/\/diariodominicano.com\/index.php?rest_route=\/wp\/v2\/users\/2"}],"replies":[{"embeddable":true,"href":"https:\/\/diariodominicano.com\/index.php?rest_route=%2Fwp%2Fv2%2Fcomments&post=284054"}],"version-history":[{"count":3,"href":"https:\/\/diariodominicano.com\/index.php?rest_route=\/wp\/v2\/posts\/284054\/revisions"}],"predecessor-version":[{"id":284059,"href":"https:\/\/diariodominicano.com\/index.php?rest_route=\/wp\/v2\/posts\/284054\/revisions\/284059"}],"wp:featuredmedia":[{"embeddable":true,"href":"https:\/\/diariodominicano.com\/index.php?rest_route=\/wp\/v2\/media\/272274"}],"wp:attachment":[{"href":"https:\/\/diariodominicano.com\/index.php?rest_route=%2Fwp%2Fv2%2Fmedia&parent=284054"}],"wp:term":[{"taxonomy":"category","embeddable":true,"href":"https:\/\/diariodominicano.com\/index.php?rest_route=%2Fwp%2Fv2%2Fcategories&post=284054"},{"taxonomy":"post_tag","embeddable":true,"href":"https:\/\/diariodominicano.com\/index.php?rest_route=%2Fwp%2Fv2%2Ftags&post=284054"}],"curies":[{"name":"wp","href":"https:\/\/api.w.org\/{rel}","templated":true}]}}