{"id":283218,"date":"2021-06-25T15:16:22","date_gmt":"2021-06-25T19:16:22","guid":{"rendered":"http:\/\/diariodominicano.com\/?p=283218"},"modified":"2021-06-25T16:51:13","modified_gmt":"2021-06-25T20:51:13","slug":"pro-consumidor-saluda-creacion-mesas-de-trabajo-para-enfrentar-aumento-de-precios-de-productos","status":"publish","type":"post","link":"https:\/\/diariodominicano.com\/?p=283218","title":{"rendered":"Pro Consumidor saluda creaci\u00f3n mesas de trabajo para enfrentar aumento de precios de productos"},"content":{"rendered":"\n<p><strong>SANTO DOMINGO, Rep\u00fablica Dominicana<\/strong><strong>.<\/strong><strong> <\/strong>El director ejecutivo del Instituto Nacional de Protecci\u00f3n de los Derechos del Consumidor (Pro Consumidor), Eddy Alc\u00e1ntara, salud\u00f3 la iniciativa del presidente de la Rep\u00fablica, Luis Abinader, de crear mesas de trabajo para enfrentar los altos precios en productos de la canasta b\u00e1sica, al tiempo que anunci\u00f3 que esa instituci\u00f3n iniciar\u00e1 a partir del pr\u00f3ximo lunes un amplio operativo para evitar la especulaci\u00f3n en los alimentos de consumo masivo.<\/p>\n\n\n\n<p>Alc\u00e1ntara dijo en ese sentido, que el presidente Abinader ha interpretado el sentir de la poblaci\u00f3n dominicana, por lo que tom\u00f3 la decisi\u00f3n de instalar mesas de trabajo de los sectores Social y Laboral, Construcci\u00f3n, Grandes Superficie, Industrial, Comercio y Mipymes y Empresarial, las cuales har\u00e1n propuestas dirigidas a enfrentar las alzas de los productos b\u00e1sicos.&nbsp;<\/p>\n\n\n\n<p>\u201cLo que se persigue con esas mesas de trabajo sectoriales es buscar soluciones a los aumentos de precios que vienen registrando en las \u00faltimas semanas algunos productos de la canasta familiar\u201d, agreg\u00f3.<\/p>\n\n\n\n<p>Resalt\u00f3 que el Jefe del Estado, cargado de todas las mejores intenciones, \u201csigue demostrando que el bienestar colectivo del pueblo dominicano es lo fundamental\u201d.<\/p>\n\n\n\n<p>El funcionario asegur\u00f3 que la participaci\u00f3n de Pro Consumidor en esas mesas de trabajo va a ser muy activa dentro del rol que le permite la Ley General 358-05 de Protecci\u00f3n de los Derechos del Consumidor o Usuario.<\/p>\n\n\n\n<p>Eddy Alc\u00e1ntara adelant\u00f3 que despu\u00e9s de haber hecho el levantamiento de investigaci\u00f3n, \u201ca partir del lunes nosotros vamos a iniciar los operativos contra aquellos que, de acuerdo a denuncias recibidas en la instituci\u00f3n, est\u00e1n haciendo uso de la pr\u00e1ctica de la especulaci\u00f3n para afectar los bolsillos de los sectores m\u00e1s vulnerables de la sociedad dominicana\u201d.<\/p>\n\n\n\n<p>\u201cEn Pro Consumidor vamos a enfrentar con decisi\u00f3n y voluntad la especulaci\u00f3n, porque no se puede permitir que algunos negociantes quieran alterar los precios para sacar jugosos beneficios\u201d, dijo Alc\u00e1ntara.<\/p>\n\n\n\n<p>El director del instituto de protecci\u00f3n del consumidor advirti\u00f3 que en caso de encontrar indicios de especulaci\u00f3n en art\u00edculos de la canasta familiar, \u201caplicaremos las sanciones que establece el C\u00f3digo Penal vigente\u201d.<\/p>\n\n\n\n<p>DIRECCI\u00d3N DE COMUNICACIONES<\/p>\n\n\n\n<p><\/p>\n","protected":false},"excerpt":{"rendered":"<p>SANTO DOMINGO, Rep\u00fablica Dominicana. El director ejecutivo del Instituto Nacional de Protecci\u00f3n de los Derechos del Consumidor (Pro Consumidor), Eddy Alc\u00e1ntara, salud\u00f3 la iniciativa del presidente de la Rep\u00fablica, Luis Abinader, de crear mesas de trabajo para enfrentar los altos precios en productos de la canasta b\u00e1sica, al tiempo que anunci\u00f3 que esa instituci\u00f3n iniciar\u00e1 [&hellip;]<\/p>\n","protected":false},"author":7,"featured_media":283241,"comment_status":"closed","ping_status":"","sticky":true,"template":"","format":"standard","meta":{"footnotes":""},"categories":[18,27],"tags":[],"class_list":["post-283218","post","type-post","status-publish","format-standard","has-post-thumbnail","hentry","category-economia","category-portada"],"_links":{"self":[{"href":"https:\/\/diariodominicano.com\/index.php?rest_route=\/wp\/v2\/posts\/283218","targetHints":{"allow":["GET"]}}],"collection":[{"href":"https:\/\/diariodominicano.com\/index.php?rest_route=\/wp\/v2\/posts"}],"about":[{"href":"https:\/\/diariodominicano.com\/index.php?rest_route=\/wp\/v2\/types\/post"}],"author":[{"embeddable":true,"href":"https:\/\/diariodominicano.com\/index.php?rest_route=\/wp\/v2\/users\/7"}],"replies":[{"embeddable":true,"href":"https:\/\/diariodominicano.com\/index.php?rest_route=%2Fwp%2Fv2%2Fcomments&post=283218"}],"version-history":[{"count":4,"href":"https:\/\/diariodominicano.com\/index.php?rest_route=\/wp\/v2\/posts\/283218\/revisions"}],"predecessor-version":[{"id":283242,"href":"https:\/\/diariodominicano.com\/index.php?rest_route=\/wp\/v2\/posts\/283218\/revisions\/283242"}],"wp:featuredmedia":[{"embeddable":true,"href":"https:\/\/diariodominicano.com\/index.php?rest_route=\/wp\/v2\/media\/283241"}],"wp:attachment":[{"href":"https:\/\/diariodominicano.com\/index.php?rest_route=%2Fwp%2Fv2%2Fmedia&parent=283218"}],"wp:term":[{"taxonomy":"category","embeddable":true,"href":"https:\/\/diariodominicano.com\/index.php?rest_route=%2Fwp%2Fv2%2Fcategories&post=283218"},{"taxonomy":"post_tag","embeddable":true,"href":"https:\/\/diariodominicano.com\/index.php?rest_route=%2Fwp%2Fv2%2Ftags&post=283218"}],"curies":[{"name":"wp","href":"https:\/\/api.w.org\/{rel}","templated":true}]}}