{"id":281830,"date":"2021-06-17T13:16:19","date_gmt":"2021-06-17T17:16:19","guid":{"rendered":"http:\/\/diariodominicano.com\/?p=281830"},"modified":"2021-06-17T13:16:19","modified_gmt":"2021-06-17T17:16:19","slug":"mescyt-establece-nuevo-calendario-de-evaluacion-para-asegurar-la-calidad-de-las-ies","status":"publish","type":"post","link":"https:\/\/diariodominicano.com\/?p=281830","title":{"rendered":"MESCYT establece nuevo calendario de evaluaci\u00f3n para asegurar la calidad de las IES"},"content":{"rendered":"\n<p>diariodominicano.com<\/p>\n\n\n\n<p>Santo Domingo, R. D.,  17 de junio, 2021.-  El Ministerio de Educaci\u00f3n Superior, Ciencia y Tecnolog\u00eda (MESCYT) estableci\u00f3 un nuevo per\u00edodo para el proceso de Evaluaci\u00f3n Quinquenal Regulatoria, que busca asegurar la calidad y acreditaci\u00f3n de las Instituciones de Educaci\u00f3n Superior (IES) de la Rep\u00fablica Dominicana, suspendida tras el embate de la pandemia del COVID-19.<\/p>\n\n\n\n<p>Durante una reuni\u00f3n de trabajo en el que participaron representantes de las IES, en las modalidades virtual y presencial, as\u00ed como las Asociaciones Dominicana de Universidades (ADRU), de Rectores de Universidades (ADOU), de Universidades Privadas de Rep\u00fablica Dominicana (AURED), de Institutos de Educaci\u00f3n Superior (ASIES) y de Universidades Aut\u00f3nomas, el MESCYT inform\u00f3 que establecer\u00e1 un plazo l\u00edmite hasta el mes de agosto de 2021 para que las universidades e instituciones de educaci\u00f3n superior que no ha culminado su informe de autoevaluaci\u00f3n lo hagan.<\/p>\n\n\n\n<p>Asimismo, las IES que integran los grupos dos y tres iniciar\u00e1n su proceso de autoevaluaci\u00f3n simult\u00e1neamente en agosto de 2021, hasta octubre del 2022, comenzando la Evaluaci\u00f3n Externa en octubre de 2022. La misma que concluir\u00e1 en diciembre de 2022.<\/p>\n\n\n\n<p>Actualmente, un total de 50 instituciones de educaci\u00f3n superior (universidades) se encuentran en el proceso de Evaluaci\u00f3n Quinquenal.<\/p>\n\n\n\n<p>Seg\u00fan establece el art\u00edculo 71 de la Ley 139-01 de Educaci\u00f3n Superior, Ciencia y Tecnolog\u00eda, la Evaluaci\u00f3n Quinquenal es un proceso al que deben acogerse las IES cada cinco a\u00f1os, para valorar, describir las fortalezas y debilidades de su quehacer institucional, con el prop\u00f3sito de alcanzar la mejora continua en el aseguramiento de la calidad.<\/p>\n\n\n\n<p>El Ministro del MESCYT, doctor Franklin Garc\u00eda Ferm\u00edn, explic\u00f3 que en el mundo de hoy el aseguramiento y la garant\u00eda de la calidad se ha constituido en una de las mayores responsables de los estados y pr\u00e1ctica permanente de las instituciones de educaci\u00f3n superior, no solo por las demandas de los sectores productivos y de servicios, sino por los cambios que experimenta la sociedad en el actual contexto global.<\/p>\n\n\n\n<p>\u201cEstamos en el momento propicio para impulsar cambios, es la oportunidad ideal para crear un nuevo sistema de educaci\u00f3n superior, con mayores capacidades de ofrecer respuestas a las necesidades educativas de la Rep\u00fablica Dominicana\u201d, subray\u00f3&nbsp;Garc\u00eda Ferm\u00edn.<\/p>\n\n\n\n<p>De su lado, el Viceministro de Evaluaci\u00f3n y Acreditaci\u00f3n de las IES, Juan Francisco Viloria, destac\u00f3 que las acciones estar\u00e1n orientadas a la continuaci\u00f3n y culminaci\u00f3n de la Evaluaci\u00f3n Quinquenal, completar el proceso de comparabilidad de los normas y est\u00e1ndares de funcionamiento en las&nbsp; Escuelas de Medicina, la actualizaci\u00f3n del modelo de evaluaci\u00f3n vigente, as\u00ed como la socializaci\u00f3n y aprobaci\u00f3n de las normas prioritarias en ciencias de salud, educaci\u00f3n, ingenier\u00edas y negocios.<\/p>\n\n\n\n<p>Con el prop\u00f3sito de hacer m\u00e1s eficiente el proceso de aseguramiento de la calidad de las IES, el Viceministerio de Evaluaci\u00f3n y Acreditaci\u00f3n viene desarrollando un conjunto de acciones, con la participaci\u00f3n directa de cada una de las IES y sus entidades que las agrupan.<\/p>\n\n\n\n<p>Estuvieron presentes los viceministros del MESCYT, Carmen Evarista Mat\u00edas, Jos\u00e9 A. Cancel, Genaro Rodr\u00edguez Mart\u00ednez, Carlos Mendieta y Mar\u00eda L\u00f3pez Polanco; el \u00a0director de Gabinete, Juan Medina; el director de Curr\u00edculum, Israel Contreras; \u00a0las asesoras Olimpia Salazar y Yovanna N\u00fa\u00f1ez; los presidentes de ADOU, Jos\u00e9 Alejandro Aybar; de ADRU, Jos\u00e9 Hazim Torres; de AURED; Ricardo Winter;\u00a0 el representante de Universidades Aut\u00f3nomas, Franklyn Holgu\u00edn Hach\u00e9, rectores de universidades y equipos t\u00e9cnicos.   <\/p>\n\n\n\n<figure class=\"wp-block-table\"><table><tbody><tr><td><strong>  Fuente:  Federico M\u00e9ndez Nova<\/strong><\/td><\/tr><\/tbody><\/table><\/figure>\n","protected":false},"excerpt":{"rendered":"<p>diariodominicano.com Santo Domingo, R. D., 17 de junio, 2021.- El Ministerio de Educaci\u00f3n Superior, Ciencia y Tecnolog\u00eda (MESCYT) estableci\u00f3 un nuevo per\u00edodo para el proceso de Evaluaci\u00f3n Quinquenal Regulatoria, que busca asegurar la calidad y acreditaci\u00f3n de las Instituciones de Educaci\u00f3n Superior (IES) de la Rep\u00fablica Dominicana, suspendida tras el embate de la pandemia del [&hellip;]<\/p>\n","protected":false},"author":5,"featured_media":281831,"comment_status":"closed","ping_status":"","sticky":true,"template":"","format":"standard","meta":{"footnotes":""},"categories":[17,27],"tags":[],"class_list":["post-281830","post","type-post","status-publish","format-standard","has-post-thumbnail","hentry","category-deportes","category-portada"],"_links":{"self":[{"href":"https:\/\/diariodominicano.com\/index.php?rest_route=\/wp\/v2\/posts\/281830","targetHints":{"allow":["GET"]}}],"collection":[{"href":"https:\/\/diariodominicano.com\/index.php?rest_route=\/wp\/v2\/posts"}],"about":[{"href":"https:\/\/diariodominicano.com\/index.php?rest_route=\/wp\/v2\/types\/post"}],"author":[{"embeddable":true,"href":"https:\/\/diariodominicano.com\/index.php?rest_route=\/wp\/v2\/users\/5"}],"replies":[{"embeddable":true,"href":"https:\/\/diariodominicano.com\/index.php?rest_route=%2Fwp%2Fv2%2Fcomments&post=281830"}],"version-history":[{"count":1,"href":"https:\/\/diariodominicano.com\/index.php?rest_route=\/wp\/v2\/posts\/281830\/revisions"}],"predecessor-version":[{"id":281832,"href":"https:\/\/diariodominicano.com\/index.php?rest_route=\/wp\/v2\/posts\/281830\/revisions\/281832"}],"wp:featuredmedia":[{"embeddable":true,"href":"https:\/\/diariodominicano.com\/index.php?rest_route=\/wp\/v2\/media\/281831"}],"wp:attachment":[{"href":"https:\/\/diariodominicano.com\/index.php?rest_route=%2Fwp%2Fv2%2Fmedia&parent=281830"}],"wp:term":[{"taxonomy":"category","embeddable":true,"href":"https:\/\/diariodominicano.com\/index.php?rest_route=%2Fwp%2Fv2%2Fcategories&post=281830"},{"taxonomy":"post_tag","embeddable":true,"href":"https:\/\/diariodominicano.com\/index.php?rest_route=%2Fwp%2Fv2%2Ftags&post=281830"}],"curies":[{"name":"wp","href":"https:\/\/api.w.org\/{rel}","templated":true}]}}