{"id":281827,"date":"2021-06-17T12:52:18","date_gmt":"2021-06-17T16:52:18","guid":{"rendered":"http:\/\/diariodominicano.com\/?p=281827"},"modified":"2021-06-17T12:52:18","modified_gmt":"2021-06-17T16:52:18","slug":"tenis-nadal-anuncia-que-no-jugara-en-wimbledon-ni-juegos-olimpicos-de-tokio","status":"publish","type":"post","link":"https:\/\/diariodominicano.com\/?p=281827","title":{"rendered":"Tenis: Nadal anuncia que no jugar\u00e1 en Wimbledon ni Juegos Ol\u00edmpicos de Tokio"},"content":{"rendered":"\n<p>diariodominicano.com<a rel=\"noreferrer noopener\" href=\"http:\/\/home.xinhua-news.com\/gdsdetailxhs\/share\/9560881-?pageflag=iframe\" target=\"_blank\"><\/a><\/p>\n\n\n\n<pre id=\"text-news-description\" class=\"wp-block-preformatted\">   MADRID, 17 jun (Xinhua) -- El tenista espa\u00f1ol, Rafael Nadal, clasificado como el n\u00famero tres del mundo, anunci\u00f3 hoy que no participar\u00e1 en el pr\u00f3ximo torneo de Wimbledon y tampoco en los Juegos Ol\u00edmpicos de Tokio.\n   \"Hola a todos. Quiero comunicaros que he decidido no participar en la pr\u00f3xima edici\u00f3n de Wimbledon que se disputar\u00e1 del 28 de junio al 11 de julio. Tampoco jugar\u00e9 los Juegos Ol\u00edmpicos previstos finalmente del 24 al 30 de julio\", escribi\u00f3 el jugador, de 35 a\u00f1os, en su cuenta de Twitter.\n   \"Es una decisi\u00f3n que nunca resulta f\u00e1cil de tomar. Tras escuchar mi cuerpo y hablar con mi equipo entiendo que es la decisi\u00f3n acertada\", agreg\u00f3.\n   Nadal explic\u00f3 que tomaba esa decisi\u00f3n con el objetivo de \"alargar\" su carrera deportiva y seguir con lo que le hace feliz: \"competir al m\u00e1ximo nivel y seguir luchando\".\n   La semana pasada, Nadal fue eliminado en semifinales del Roland Garros por el tenista serbio, Novak Djokovic, quien gan\u00f3 el torneo de Francia.\n   El jugador espa\u00f1ol explic\u00f3 que la falta de per\u00edodos de descanso entre Roland Garros de Francia y Wimbledon es una de las razones para no competir en Reino Unido.\n   \"El hecho de que haya solo dos semanas entre Roland Garros y Wimbledon este a\u00f1o, no ha ayudado a que mi cuerpo pueda recuperar de la siempre exigente temporada de tierra batida\", escribi\u00f3.\n   \"Han sido dos meses de un gran esfuerzo y la decisi\u00f3n que tomo va enfocada al medio y largo plazo\", agreg\u00f3 el tenista.\n   El espa\u00f1ol ha ganado dos veces Wimbledon (2008 y 2010), adem\u00e1s de obtener medalla de oro en los Juegos Ol\u00edmpicos de Beijing  2008 y en dobles en R\u00edo de Janeiro 2016.\n   Agreg\u00f3 que los Juegos Ol\u00edmpicos \"han significado mucho en mi carrera y siempre fueron una prioridad como deportista\", al encontrar en ellos el ambiente que todo deportista quiere sentir.\n   \"Y personalmente tuve la suerte de vivirlos intensamente en tres ocasiones y adem\u00e1s ser el abanderado de mi pa\u00eds (Espa\u00f1a)\", complet\u00f3 Nadal.<\/pre>\n","protected":false},"excerpt":{"rendered":"<p>diariodominicano.com MADRID, 17 jun (Xinhua) &#8212; El tenista espa\u00f1ol, Rafael Nadal, clasificado como el n\u00famero tres del mundo, anunci\u00f3 hoy que no participar\u00e1 en el pr\u00f3ximo torneo de Wimbledon y tampoco en los Juegos Ol\u00edmpicos de Tokio. \u00abHola a todos. Quiero comunicaros que he decidido no participar en la pr\u00f3xima edici\u00f3n de Wimbledon que se [&hellip;]<\/p>\n","protected":false},"author":5,"featured_media":281828,"comment_status":"closed","ping_status":"","sticky":true,"template":"","format":"standard","meta":{"footnotes":""},"categories":[17,27],"tags":[],"class_list":["post-281827","post","type-post","status-publish","format-standard","has-post-thumbnail","hentry","category-deportes","category-portada"],"_links":{"self":[{"href":"https:\/\/diariodominicano.com\/index.php?rest_route=\/wp\/v2\/posts\/281827","targetHints":{"allow":["GET"]}}],"collection":[{"href":"https:\/\/diariodominicano.com\/index.php?rest_route=\/wp\/v2\/posts"}],"about":[{"href":"https:\/\/diariodominicano.com\/index.php?rest_route=\/wp\/v2\/types\/post"}],"author":[{"embeddable":true,"href":"https:\/\/diariodominicano.com\/index.php?rest_route=\/wp\/v2\/users\/5"}],"replies":[{"embeddable":true,"href":"https:\/\/diariodominicano.com\/index.php?rest_route=%2Fwp%2Fv2%2Fcomments&post=281827"}],"version-history":[{"count":1,"href":"https:\/\/diariodominicano.com\/index.php?rest_route=\/wp\/v2\/posts\/281827\/revisions"}],"predecessor-version":[{"id":281829,"href":"https:\/\/diariodominicano.com\/index.php?rest_route=\/wp\/v2\/posts\/281827\/revisions\/281829"}],"wp:featuredmedia":[{"embeddable":true,"href":"https:\/\/diariodominicano.com\/index.php?rest_route=\/wp\/v2\/media\/281828"}],"wp:attachment":[{"href":"https:\/\/diariodominicano.com\/index.php?rest_route=%2Fwp%2Fv2%2Fmedia&parent=281827"}],"wp:term":[{"taxonomy":"category","embeddable":true,"href":"https:\/\/diariodominicano.com\/index.php?rest_route=%2Fwp%2Fv2%2Fcategories&post=281827"},{"taxonomy":"post_tag","embeddable":true,"href":"https:\/\/diariodominicano.com\/index.php?rest_route=%2Fwp%2Fv2%2Ftags&post=281827"}],"curies":[{"name":"wp","href":"https:\/\/api.w.org\/{rel}","templated":true}]}}