{"id":281288,"date":"2021-06-15T13:54:10","date_gmt":"2021-06-15T17:54:10","guid":{"rendered":"http:\/\/diariodominicano.com\/?p=281288"},"modified":"2025-12-29T01:04:20","modified_gmt":"2025-12-29T05:04:20","slug":"desde-republica-dominicana-saludan-a-prensa-latina-por-su-aniversario-62","status":"publish","type":"post","link":"https:\/\/diariodominicano.com\/?p=281288","title":{"rendered":"Desde Rep\u00fablica Dominicana saludan a Prensa Latina por su aniversario 62"},"content":{"rendered":"\n<p>diariodominicano.com<\/p>\n\n\n\n<p>Santo Domingo, 15 jun (Prensa Latina) Personalidades dominicanas felicitaron hoy a la agencia Prensa Latina en v\u00edspera de cumplir su aniversario 62, y destacaron su papel al servicio de la verdad.<\/p>\n\n\n\n<p><br>&#8216;Desde su nacimiento Prensa Latina ha venido a ser una alternativa informativa y orientadora acerca de los acontecimientos que se producen en el mundo&#8217;, escribi\u00f3 en un mensaje Manolo Pichardo, secretario de Relaciones Internacionales del partido Fuerza del Pueblo.<\/p>\n\n\n\n<p>La agencia, durante estos 62 a\u00f1os, se erigi\u00f3 como un instrumento comprometido con lo ver\u00eddico a la luz de la evidencia, sin el prop\u00f3sito de moldear a la opini\u00f3n p\u00fablica con narrativas de laboratorios como las salidas de matrices de dominaci\u00f3n que pretenden construir la historia desde los intereses que no representan a la humanidad&#8217;, agreg\u00f3.<\/p>\n\n\n\n<p>Por su parte, el coordinador nacional de la Campa\u00f1a Dominicana de Solidaridad con Cuba, Roberto Payano, calific\u00f3 a la agencia de un respetable medio internacional de prensa de la isla y del mundo y resalt\u00f3 que desde su creaci\u00f3n fue un impulso al necesario periodismo responsable inclusivo y abarcador.<\/p>\n\n\n\n<p>Asimismo, el vicepresidente de la Conferencia Permanente de Partidos Pol\u00edticos de Am\u00e9rica Latina y el Caribe, Mihail Garc\u00eda, apunt\u00f3 que Prensa Latina es una oportunidad de acceso a informaci\u00f3n depurada y libre, siempre apegada a la objetividad, a la verdad y a la narraci\u00f3n de los hechos sin sesgos.<\/p>\n\n\n\n<p>Finalmente, el director del Observatorio de Medios RED Social CODI, Juan Carlos Espinal, dijo que &#8216;para el Observatorio contar con Prensa Latina como proveedor es un honor, por sus contenidos, innovaciones, redacci\u00f3n y multiplicidad&#8217;.<\/p>\n\n\n\n<p>La agencia fue creada el 16 de junio de 1959 fruto de la Operaci\u00f3n Verdad, casi seis meses despu\u00e9s del triunfo de la revoluci\u00f3n cubana liderada por Fidel Castro, y con el compromiso de ser &#8216;objetiva, pero no imparcial&#8217;.<\/p>\n\n\n\n<p>agp\/ema<\/p>\n","protected":false},"excerpt":{"rendered":"<p>diariodominicano.com Santo Domingo, 15 jun (Prensa Latina) Personalidades dominicanas felicitaron hoy a la agencia Prensa Latina en v\u00edspera de cumplir su aniversario 62, y destacaron su papel al servicio de la verdad. &#8216;Desde su nacimiento Prensa Latina ha venido a ser una alternativa informativa y orientadora acerca de los acontecimientos que se producen en el [&hellip;]<\/p>\n","protected":false},"author":5,"featured_media":281289,"comment_status":"closed","ping_status":"closed","sticky":true,"template":"","format":"standard","meta":{"footnotes":""},"categories":[20,27],"tags":[3556],"class_list":["post-281288","post","type-post","status-publish","format-standard","has-post-thumbnail","hentry","category-dominicana-hoy","category-portada","tag-prensa-latina"],"_links":{"self":[{"href":"https:\/\/diariodominicano.com\/index.php?rest_route=\/wp\/v2\/posts\/281288","targetHints":{"allow":["GET"]}}],"collection":[{"href":"https:\/\/diariodominicano.com\/index.php?rest_route=\/wp\/v2\/posts"}],"about":[{"href":"https:\/\/diariodominicano.com\/index.php?rest_route=\/wp\/v2\/types\/post"}],"author":[{"embeddable":true,"href":"https:\/\/diariodominicano.com\/index.php?rest_route=\/wp\/v2\/users\/5"}],"replies":[{"embeddable":true,"href":"https:\/\/diariodominicano.com\/index.php?rest_route=%2Fwp%2Fv2%2Fcomments&post=281288"}],"version-history":[{"count":1,"href":"https:\/\/diariodominicano.com\/index.php?rest_route=\/wp\/v2\/posts\/281288\/revisions"}],"predecessor-version":[{"id":281290,"href":"https:\/\/diariodominicano.com\/index.php?rest_route=\/wp\/v2\/posts\/281288\/revisions\/281290"}],"wp:featuredmedia":[{"embeddable":true,"href":"https:\/\/diariodominicano.com\/index.php?rest_route=\/wp\/v2\/media\/281289"}],"wp:attachment":[{"href":"https:\/\/diariodominicano.com\/index.php?rest_route=%2Fwp%2Fv2%2Fmedia&parent=281288"}],"wp:term":[{"taxonomy":"category","embeddable":true,"href":"https:\/\/diariodominicano.com\/index.php?rest_route=%2Fwp%2Fv2%2Fcategories&post=281288"},{"taxonomy":"post_tag","embeddable":true,"href":"https:\/\/diariodominicano.com\/index.php?rest_route=%2Fwp%2Fv2%2Ftags&post=281288"}],"curies":[{"name":"wp","href":"https:\/\/api.w.org\/{rel}","templated":true}]}}