{"id":278044,"date":"2021-05-26T09:59:09","date_gmt":"2021-05-26T13:59:09","guid":{"rendered":"http:\/\/diariodominicano.com\/?p=278044"},"modified":"2021-05-26T09:59:09","modified_gmt":"2021-05-26T13:59:09","slug":"la-v-edicion-del-foro-de-energia-sostenible-sera-presencial","status":"publish","type":"post","link":"https:\/\/diariodominicano.com\/?p=278044","title":{"rendered":"La V edici\u00f3n del Foro de Energ\u00eda Sostenible ser\u00e1 presencial"},"content":{"rendered":"\n<p>diariodominicano.com<\/p>\n\n\n\n<p><strong>Santo Domingo, R. D.,  26 de mayo, 2021.-<\/strong> Del 15 al 16 de septiembre, \u00a0el sector energ\u00e9tico de la Rep\u00fablica Dominicana se reunir\u00e1 en la Quinta edici\u00f3n del <strong>Foro de Energ\u00eda Sostenible -FES 2021<\/strong>-,\u00a0 el punto de encuentro m\u00e1s importante para las instituciones p\u00fablicas, empresas privadas, profesionales, organismos internacionales y organizaciones sin fines de lucro, evento que se ha consolidado como su mejor oportunidad para actualizar conocimientos, tendencias y desarrollar oportunidades de negocios.<\/p>\n\n\n\n<p>Acorde con las tendencias locales e internacionales y la reactivaci\u00f3n de la econom\u00eda nacional, el <strong>FES 2021 <\/strong>que se efectuar\u00e1 en los salones del hotel Catalonia de Santo Domingo,&nbsp; <strong>dedica este a\u00f1o un espacio especial a la energ\u00eda solar<\/strong>, la cual cuenta en todo el mundo con un alto nivel de desarrollo, instalaci\u00f3n y nuevas tecnolog\u00edas, generando m\u00faltiples \u00e1reas de negocios y contribuyendo de manera directa para alcanzar el objetivo 7, de los Objetivos de Desarrollo Sostenible (ODS) establecidos por la ONU para el a\u00f1o 2030.<\/p>\n\n\n\n<p>Entre los actores del sector hay gran entusiasmo, ya que la energ\u00eda juega un papel vital en la reactivaci\u00f3n y sostenimiento de la econom\u00eda del mundo, impactando con nuevas tecnolog\u00edas, nuevos empleos, financiamientos verdes, inversiones, la introducci\u00f3n de nuevas tecnolog\u00edas, pagos impositivos y regulaciones, que ser\u00e1n presentadas durante el evento.<\/p>\n\n\n\n<p>Gracias a la relevancia que cada a\u00f1o adquiere el FES a nivel local internacional como el \u00fanico evento de su g\u00e9nero en el pa\u00eds, contamos este a\u00f1o con la presencia de la <strong>C\u00e1mara Paname\u00f1a de Energ\u00eda Solar (CAPES),<\/strong> como socio aliado, alianza de gran importancia para el sector dominicano por su ubicaci\u00f3n geogr\u00e1fica, el crecimiento del sector en esa naci\u00f3n y los v\u00ednculos de negocios existentes entre las dos naciones.<\/p>\n\n\n\n<p>La <strong>Asociaci\u00f3n para el Fomento de las Energ\u00edas Renovables (ASOFER),<\/strong> es nuestro socio aliado dominicano y desde hace tres a\u00f1os nos acompa\u00f1a en la celebraci\u00f3n de este evento, que crea v\u00ednculos vitales&nbsp; entre los actores del sector, junto al <strong>Instituto Tecnol\u00f3gico de Santo Domingo<\/strong> (INTEC), responsable de la capacitaci\u00f3n acad\u00e9mica de nuestros talleres.<\/p>\n\n\n\n<p>Dentro del amplio abanico de actividades que tenemos previstas durante los dos d\u00edas de desarrollo del evento, destacan las conferencias ejecutivas, feria comercial, lanzamientos de productos y servicios, talleres profesionales, demostraciones, networking, Energy Lounge, inversiones, &nbsp;entre otras, las cuales contar\u00e1n con todas las medidas sanitarias para protecci\u00f3n de los participantes.<\/p>\n\n\n\n<p>Foro de Energ\u00eda Sostenible<\/p>\n\n\n\n<p>El Foro de Energ\u00eda Sostenible (FES) es una plataforma de impulso del sector energ\u00e9tico en la Rep\u00fablica Dominicana, en la que generadores, reguladores, distribuidores, comercializadores, inversionistas, educadores, consumidores, establecen conexiones productivas y reciben las informaciones m\u00e1s actualizadas acerca de eficiencia energ\u00e9tica, financiamiento, tecnolog\u00eda, regulaci\u00f3n responsabilidad social, cambio clim\u00e1tico, entre otros temas de su inter\u00e9s.<\/p>\n\n\n\n<p><\/p>\n\n\n\n<p>Fuente:  <strong>Isabel de los Santos<\/strong><\/p>\n","protected":false},"excerpt":{"rendered":"<p>diariodominicano.com Santo Domingo, R. D., 26 de mayo, 2021.- Del 15 al 16 de septiembre, \u00a0el sector energ\u00e9tico de la Rep\u00fablica Dominicana se reunir\u00e1 en la Quinta edici\u00f3n del Foro de Energ\u00eda Sostenible -FES 2021-,\u00a0 el punto de encuentro m\u00e1s importante para las instituciones p\u00fablicas, empresas privadas, profesionales, organismos internacionales y organizaciones sin fines de [&hellip;]<\/p>\n","protected":false},"author":5,"featured_media":278045,"comment_status":"closed","ping_status":"","sticky":true,"template":"","format":"standard","meta":{"footnotes":""},"categories":[21,27],"tags":[],"class_list":["post-278044","post","type-post","status-publish","format-standard","has-post-thumbnail","hentry","category-cultura","category-portada"],"_links":{"self":[{"href":"https:\/\/diariodominicano.com\/index.php?rest_route=\/wp\/v2\/posts\/278044","targetHints":{"allow":["GET"]}}],"collection":[{"href":"https:\/\/diariodominicano.com\/index.php?rest_route=\/wp\/v2\/posts"}],"about":[{"href":"https:\/\/diariodominicano.com\/index.php?rest_route=\/wp\/v2\/types\/post"}],"author":[{"embeddable":true,"href":"https:\/\/diariodominicano.com\/index.php?rest_route=\/wp\/v2\/users\/5"}],"replies":[{"embeddable":true,"href":"https:\/\/diariodominicano.com\/index.php?rest_route=%2Fwp%2Fv2%2Fcomments&post=278044"}],"version-history":[{"count":1,"href":"https:\/\/diariodominicano.com\/index.php?rest_route=\/wp\/v2\/posts\/278044\/revisions"}],"predecessor-version":[{"id":278046,"href":"https:\/\/diariodominicano.com\/index.php?rest_route=\/wp\/v2\/posts\/278044\/revisions\/278046"}],"wp:featuredmedia":[{"embeddable":true,"href":"https:\/\/diariodominicano.com\/index.php?rest_route=\/wp\/v2\/media\/278045"}],"wp:attachment":[{"href":"https:\/\/diariodominicano.com\/index.php?rest_route=%2Fwp%2Fv2%2Fmedia&parent=278044"}],"wp:term":[{"taxonomy":"category","embeddable":true,"href":"https:\/\/diariodominicano.com\/index.php?rest_route=%2Fwp%2Fv2%2Fcategories&post=278044"},{"taxonomy":"post_tag","embeddable":true,"href":"https:\/\/diariodominicano.com\/index.php?rest_route=%2Fwp%2Fv2%2Ftags&post=278044"}],"curies":[{"name":"wp","href":"https:\/\/api.w.org\/{rel}","templated":true}]}}