{"id":278027,"date":"2021-05-25T22:52:34","date_gmt":"2021-05-26T02:52:34","guid":{"rendered":"http:\/\/diariodominicano.com\/?p=278027"},"modified":"2021-05-25T22:52:34","modified_gmt":"2021-05-26T02:52:34","slug":"miderec-y-primera-dama-entregan-500-pares-de-calzados-deportivos-para-adolescentes","status":"publish","type":"post","link":"https:\/\/diariodominicano.com\/?p=278027","title":{"rendered":"Miderec y primera dama entregan 500 pares de calzados deportivos para adolescentes"},"content":{"rendered":"\n<p>diariodominicano.com<\/p>\n\n\n\n<p>Santo Domingo, R. D.,  25 de mayo, 2021.- El Ministerio de Deportes (Miderec) y la primera dama de la Rep\u00fablica, Raquel Arbaje, donaron 500 pares de zapatillas (tenis) a la Direcci\u00f3n Nacional de Atenci\u00f3n Integral para Adolescentes en Conflicto con la Ley (Dinaia), para distribuirlos entre los internos en los diferentes centros gestionados por ese organismo.<br><br>La entrega fue realizada por el ministro de Deportes, Francisco Camacho, a una comisi\u00f3n de la Dinaia que encabez\u00f3 Liliana D\u00edaz, en un encuentro efectuado en el sal\u00f3n de actos del ministerio.<br><br>Camacho, adem\u00e1s, design\u00f3 a un monitor deportivo para que impartir\u00e1 entrenamientos a los casi 500 j\u00f3venes, de entre 13 y 18 a\u00f1os, que se encuentran en proceso de recuperaci\u00f3n en los seis centros integrales de la Dinaia.<br><br>\u201cEntendemos que a esos adolescentes debemos aligerarles su diario vivir. Si optaron por practicar una disciplina deportiva determinada, nuestro objetivo es ayudarlos y por eso, como primer soporte, les estamos enviando esa cantidad de calzados para que los usen en sus entrenamientos\u201d, sostuvo el ministro de Deportes al hacer la entrega a D\u00edaz, quien represent\u00f3 a la directora de la instituci\u00f3n, Elba N\u00fa\u00f1ez. Participaron tambi\u00e9n por la Dinaia los funcionarios Nataly Jim\u00e9nez y Edinawell de los Santos.<br><br>\u201cSabemos que en alg\u00fan momento estos jovencitos cometieron actos indebidos, pero el trabajo y esfuerzo de nosotros es ayudar para que se reinserten en la sociedad y creo firmemente que el deporte puede convertirse en la mejor v\u00eda para que esto suceda\u201d, agreg\u00f3 Camacho, quien estuvo acompa\u00f1ado de Antonio De la Cruz.<br><br>Sostuvo que el presidente Luis Abinader tiene gran inter\u00e9s de que el deporte llegue a toda la juventud, sin discriminar a quienes en alg\u00fan momento han cometido actos re\u00f1idos con la ley.<br><br>\u201cEstos adolescentes son de las personas que m\u00e1s necesitan de este tipo de aportes; as\u00ed lo pens\u00e9 tan pronto observ\u00e9 entrenar a un amplio grupo, algunos descalzos, otros en chancletas. Esperamos que esto no vuelva a suceder\u201d, expres\u00f3 el funcionario.<br><br>Dio seguridades de que el inter\u00e9s, tanto del Ministerio de Deportes como de la primera dama de la Rep\u00fablica, es contribuir con los programas que encaminan a estos j\u00f3venes a reinsertarse en la sociedad como seres humanos de bien.<br><br>De su parte, D\u00edaz agradeci\u00f3 el gesto del ministro Camacho y de la primera dama, Raquel Arbaje, por el deseo de ayudar a que estos j\u00f3venes se integren mucho m\u00e1s a la pr\u00e1ctica del deporte y lo hagan con las vestimentas y calzados adecuados.<br><br>Sostuvo que la donaci\u00f3n llegar\u00e1 a todos los seis centros de atenci\u00f3n integral, ubicados en Santo Domingo, Santiago, La Vega, La Romana y San Crist\u00f3bal. Cada uno de estos espacios cuenta con canchas deportivas y los adolescentes entrenan b\u00e9isbol, baloncesto, voleibol y f\u00fatbol, entre otras disciplinas.<br><br>Los j\u00f3venes ingresados en la Dinaia reciben docencia, realizan actividades art\u00edsticas y culturales y son asistidos en salud f\u00edsica y psicol\u00f3gica.<br><br>Fuente:  <strong>Comunicaciones MIDEREC 20-24<\/strong>\u00a0<br><br><\/p>\n","protected":false},"excerpt":{"rendered":"<p>diariodominicano.com Santo Domingo, R. D., 25 de mayo, 2021.- El Ministerio de Deportes (Miderec) y la primera dama de la Rep\u00fablica, Raquel Arbaje, donaron 500 pares de zapatillas (tenis) a la Direcci\u00f3n Nacional de Atenci\u00f3n Integral para Adolescentes en Conflicto con la Ley (Dinaia), para distribuirlos entre los internos en los diferentes centros gestionados por [&hellip;]<\/p>\n","protected":false},"author":5,"featured_media":278028,"comment_status":"closed","ping_status":"","sticky":true,"template":"","format":"standard","meta":{"footnotes":""},"categories":[17,27],"tags":[],"class_list":["post-278027","post","type-post","status-publish","format-standard","has-post-thumbnail","hentry","category-deportes","category-portada"],"_links":{"self":[{"href":"https:\/\/diariodominicano.com\/index.php?rest_route=\/wp\/v2\/posts\/278027","targetHints":{"allow":["GET"]}}],"collection":[{"href":"https:\/\/diariodominicano.com\/index.php?rest_route=\/wp\/v2\/posts"}],"about":[{"href":"https:\/\/diariodominicano.com\/index.php?rest_route=\/wp\/v2\/types\/post"}],"author":[{"embeddable":true,"href":"https:\/\/diariodominicano.com\/index.php?rest_route=\/wp\/v2\/users\/5"}],"replies":[{"embeddable":true,"href":"https:\/\/diariodominicano.com\/index.php?rest_route=%2Fwp%2Fv2%2Fcomments&post=278027"}],"version-history":[{"count":1,"href":"https:\/\/diariodominicano.com\/index.php?rest_route=\/wp\/v2\/posts\/278027\/revisions"}],"predecessor-version":[{"id":278029,"href":"https:\/\/diariodominicano.com\/index.php?rest_route=\/wp\/v2\/posts\/278027\/revisions\/278029"}],"wp:featuredmedia":[{"embeddable":true,"href":"https:\/\/diariodominicano.com\/index.php?rest_route=\/wp\/v2\/media\/278028"}],"wp:attachment":[{"href":"https:\/\/diariodominicano.com\/index.php?rest_route=%2Fwp%2Fv2%2Fmedia&parent=278027"}],"wp:term":[{"taxonomy":"category","embeddable":true,"href":"https:\/\/diariodominicano.com\/index.php?rest_route=%2Fwp%2Fv2%2Fcategories&post=278027"},{"taxonomy":"post_tag","embeddable":true,"href":"https:\/\/diariodominicano.com\/index.php?rest_route=%2Fwp%2Fv2%2Ftags&post=278027"}],"curies":[{"name":"wp","href":"https:\/\/api.w.org\/{rel}","templated":true}]}}