{"id":277941,"date":"2021-05-25T14:33:06","date_gmt":"2021-05-25T18:33:06","guid":{"rendered":"http:\/\/diariodominicano.com\/?p=277941"},"modified":"2021-05-25T14:33:06","modified_gmt":"2021-05-25T18:33:06","slug":"ministro-de-educacion-exhorta-aprovechar-los-dos-meses-faltantes-de-docencia","status":"publish","type":"post","link":"https:\/\/diariodominicano.com\/?p=277941","title":{"rendered":"Ministro de Educaci\u00f3n exhorta aprovechar los dos meses faltantes de docencia"},"content":{"rendered":"\n<p>diariodominicano.com<\/p>\n\n\n\n<p><strong>Acompa\u00f1a en Barahona inicio retorno a las aulas<\/strong><\/p>\n\n\n\n<p>Barahona, R. D., 25 de mayo, 2021.- El ministro de educaci\u00f3n, Roberto Fulcar, exhort\u00f3 hoy a la comunidad educativa a aprovechar los m\u00e1s de dos meses de docencia que a\u00fan le quedan al calendario escolar y potencializar al m\u00e1ximo la combinaci\u00f3n de la semipresencialidad con la educaci\u00f3n a distancia.<\/p>\n\n\n\n<p>Hablando en un emotivo acto en el que acompa\u00f1\u00f3 el retorno a las aulas desde Barahona, en la tercera etapa del retorno gradual, dijo que al a\u00f1o escolar&nbsp; a\u00fan le quedan completos los meses de junio y julio, ya que su finalizaci\u00f3n est\u00e1 pautada en el calendario escolar para el 29 de este \u00faltimo mes, por lo que esos m\u00e1s de sesenta d\u00edas deben servir para afianzar los conocimientos adquiridos en la modalidad a distancia, nivelar los posibles d\u00e9ficits existentes y completar los elementos faltantes de la maya curricular.<\/p>\n\n\n\n<p>\u201cUn solo d\u00eda de presencia de los ni\u00f1os y ni\u00f1as en las aulas, justifica y da sentido a todo el esfuerzo que hemos hecho, porque nada se compara con la mirada entre una maestra y sus alumnos o el encuentro de un estudiante con su cohorte al retornar a la alegr\u00eda\u201d.<\/p>\n\n\n\n<p>Exhort\u00f3 a los directores de centros educativos y a toda la comunidad a que apliquen rigurosamente el Protocolo para el Retorno Seguro, aplicar la gradualidad y garantizar el distanciamiento f\u00edsico.<\/p>\n\n\n\n<p>\u201cUn buen maestro siempre debe tener el deseo de reencontrarse con los suyos, sus segundos hijos, que son los alumnos\u201d.<\/p>\n\n\n\n<p>El acto tuvo lugar en la escuela Baitoita, perteneciente al Distrito Escolar 01-03 de Barahona.&nbsp; El ministro Fulcar reconoci\u00f3 la labor de la directora del centro, Omaris L\u00f3pez, por la voluntad para el retorno gradual y voluntario a la escuela en esa demarcaci\u00f3n.<\/p>\n\n\n\n<p>La representante de la Asociaci\u00f3n Dominicana de Profesores (ADP) Belkis Encarnaci\u00f3n dijo que est\u00e1n dispuestos a trabajar y que asumen el compromiso de seguir impulsando la educaci\u00f3n en su comunidad. Reconoci\u00f3 como un acto de responsabilidad y valent\u00eda del ministro Roberto Fulcar impulsar la modalidad semipresencial con el protocolo de bioseguridad.<\/p>\n\n\n\n<p>Juan Alejo, presidente de la Asociaci\u00f3n de Padres y Madres amigos de la escuela llam\u00f3 a enviar a los ni\u00f1os a los centros educativos. Dijo que la escuela es su lugar natural para la educaci\u00f3n. Destac\u00f3 que se han tomado las medidas de bioseguridad para evitar posibles contagios.<\/p>\n\n\n\n<p>A nombre de los estudiantes habl\u00f3 el ni\u00f1o Gloider Cortes.<\/p>\n\n\n\n<p>Adem\u00e1s del ministro de Educaci\u00f3n, estuvieron en el acto el director regional, Amado F\u00e9lix y el director del distrito, Julio C\u00e9sar Samboy, representantes de la Asociaci\u00f3n Dominicana de Profesores, padres y madres. As\u00ed como de la iglesia cat\u00f3lica, docentes, autoridades educativas de la provincia y del centro educativo.<\/p>\n\n\n\n<p>Fuente:  <strong>Ministerio de Educaci\u00f3n<\/strong><\/p>\n\n\n\n<p><strong>Direcci\u00f3n de Comunicaci\u00f3n<\/strong><\/p>\n\n\n\n<figure class=\"wp-block-table\"><table><tbody><tr><td><strong>Ministerio Educaci\u00f3n Rep\u00fablica Dominicana<\/strong><\/td><\/tr><\/tbody><\/table><\/figure>\n","protected":false},"excerpt":{"rendered":"<p>diariodominicano.com Acompa\u00f1a en Barahona inicio retorno a las aulas Barahona, R. D., 25 de mayo, 2021.- El ministro de educaci\u00f3n, Roberto Fulcar, exhort\u00f3 hoy a la comunidad educativa a aprovechar los m\u00e1s de dos meses de docencia que a\u00fan le quedan al calendario escolar y potencializar al m\u00e1ximo la combinaci\u00f3n de la semipresencialidad con la [&hellip;]<\/p>\n","protected":false},"author":5,"featured_media":277942,"comment_status":"closed","ping_status":"","sticky":true,"template":"","format":"standard","meta":{"footnotes":""},"categories":[21,27],"tags":[],"class_list":["post-277941","post","type-post","status-publish","format-standard","has-post-thumbnail","hentry","category-cultura","category-portada"],"_links":{"self":[{"href":"https:\/\/diariodominicano.com\/index.php?rest_route=\/wp\/v2\/posts\/277941","targetHints":{"allow":["GET"]}}],"collection":[{"href":"https:\/\/diariodominicano.com\/index.php?rest_route=\/wp\/v2\/posts"}],"about":[{"href":"https:\/\/diariodominicano.com\/index.php?rest_route=\/wp\/v2\/types\/post"}],"author":[{"embeddable":true,"href":"https:\/\/diariodominicano.com\/index.php?rest_route=\/wp\/v2\/users\/5"}],"replies":[{"embeddable":true,"href":"https:\/\/diariodominicano.com\/index.php?rest_route=%2Fwp%2Fv2%2Fcomments&post=277941"}],"version-history":[{"count":1,"href":"https:\/\/diariodominicano.com\/index.php?rest_route=\/wp\/v2\/posts\/277941\/revisions"}],"predecessor-version":[{"id":277943,"href":"https:\/\/diariodominicano.com\/index.php?rest_route=\/wp\/v2\/posts\/277941\/revisions\/277943"}],"wp:featuredmedia":[{"embeddable":true,"href":"https:\/\/diariodominicano.com\/index.php?rest_route=\/wp\/v2\/media\/277942"}],"wp:attachment":[{"href":"https:\/\/diariodominicano.com\/index.php?rest_route=%2Fwp%2Fv2%2Fmedia&parent=277941"}],"wp:term":[{"taxonomy":"category","embeddable":true,"href":"https:\/\/diariodominicano.com\/index.php?rest_route=%2Fwp%2Fv2%2Fcategories&post=277941"},{"taxonomy":"post_tag","embeddable":true,"href":"https:\/\/diariodominicano.com\/index.php?rest_route=%2Fwp%2Fv2%2Ftags&post=277941"}],"curies":[{"name":"wp","href":"https:\/\/api.w.org\/{rel}","templated":true}]}}