{"id":277775,"date":"2021-05-24T18:18:16","date_gmt":"2021-05-24T22:18:16","guid":{"rendered":"http:\/\/diariodominicano.com\/?p=277775"},"modified":"2021-05-24T18:18:16","modified_gmt":"2021-05-24T22:18:16","slug":"presidente-duque-destaca-triunfo-de-colombiano-egan-bernal-en-etapa-reina-del-giro-de-italia","status":"publish","type":"post","link":"https:\/\/diariodominicano.com\/?p=277775","title":{"rendered":"Presidente Duque destaca triunfo de colombiano Egan Bernal en etapa reina del Giro de Italia"},"content":{"rendered":"\n<p>diariodominicano.com<\/p>\n\n\n\n<pre id=\"text-news-description\" class=\"wp-block-preformatted\">BOGOTA, 24 may (Xinhua) -- El presidente de Colombia, Iv\u00e1n Duque, destac\u00f3 hoy el triunfo que logr\u00f3 el pedalista colombiano Egan Bernal en la etapa reina del Giro de Italia.\n   \"Felicitaciones Egan Bernal por su triunfo en la etapa reina del Giro di Italia 2021 y se consolida en el liderato de esta carrera. Egan es ejemplo de disciplina, trabajo, talento, resiliencia y encarna lo mejor de nuestra juventud colombiana. Gracias\", escribi\u00f3 el mandatario en su cuenta de Twitter.\n   El pedalista, del equipo brit\u00e1nico Ineos Grenadier, emple\u00f3 un tiempo de cuatro horas, 22 minutos y 41 segundos para ganar la decimosexta etapa del Giro, llamada la etapa reina, la cual fue recortada por los organizadores por el mal clima durante la competencia.\n   El ciclista colombiano obtuvo la camisa rosa (liderato) en la etapa novena del Giro de Italia.\n   Bernal, de 24 a\u00f1os, en 2019 gan\u00f3 el Tour de Francia y se convirti\u00f3 en el primer colombiano y latinoamericano en ganar la carrera m\u00e1s importante por etapas del mundo. <\/pre>\n","protected":false},"excerpt":{"rendered":"<p>diariodominicano.com BOGOTA, 24 may (Xinhua) &#8212; El presidente de Colombia, Iv\u00e1n Duque, destac\u00f3 hoy el triunfo que logr\u00f3 el pedalista colombiano Egan Bernal en la etapa reina del Giro de Italia. \u00abFelicitaciones Egan Bernal por su triunfo en la etapa reina del Giro di Italia 2021 y se consolida en el liderato de esta carrera. [&hellip;]<\/p>\n","protected":false},"author":5,"featured_media":277776,"comment_status":"closed","ping_status":"","sticky":true,"template":"","format":"standard","meta":{"footnotes":""},"categories":[17,27],"tags":[],"class_list":["post-277775","post","type-post","status-publish","format-standard","has-post-thumbnail","hentry","category-deportes","category-portada"],"_links":{"self":[{"href":"https:\/\/diariodominicano.com\/index.php?rest_route=\/wp\/v2\/posts\/277775","targetHints":{"allow":["GET"]}}],"collection":[{"href":"https:\/\/diariodominicano.com\/index.php?rest_route=\/wp\/v2\/posts"}],"about":[{"href":"https:\/\/diariodominicano.com\/index.php?rest_route=\/wp\/v2\/types\/post"}],"author":[{"embeddable":true,"href":"https:\/\/diariodominicano.com\/index.php?rest_route=\/wp\/v2\/users\/5"}],"replies":[{"embeddable":true,"href":"https:\/\/diariodominicano.com\/index.php?rest_route=%2Fwp%2Fv2%2Fcomments&post=277775"}],"version-history":[{"count":1,"href":"https:\/\/diariodominicano.com\/index.php?rest_route=\/wp\/v2\/posts\/277775\/revisions"}],"predecessor-version":[{"id":277777,"href":"https:\/\/diariodominicano.com\/index.php?rest_route=\/wp\/v2\/posts\/277775\/revisions\/277777"}],"wp:featuredmedia":[{"embeddable":true,"href":"https:\/\/diariodominicano.com\/index.php?rest_route=\/wp\/v2\/media\/277776"}],"wp:attachment":[{"href":"https:\/\/diariodominicano.com\/index.php?rest_route=%2Fwp%2Fv2%2Fmedia&parent=277775"}],"wp:term":[{"taxonomy":"category","embeddable":true,"href":"https:\/\/diariodominicano.com\/index.php?rest_route=%2Fwp%2Fv2%2Fcategories&post=277775"},{"taxonomy":"post_tag","embeddable":true,"href":"https:\/\/diariodominicano.com\/index.php?rest_route=%2Fwp%2Fv2%2Ftags&post=277775"}],"curies":[{"name":"wp","href":"https:\/\/api.w.org\/{rel}","templated":true}]}}