{"id":277084,"date":"2021-05-19T12:09:58","date_gmt":"2021-05-19T16:09:58","guid":{"rendered":"http:\/\/diariodominicano.com\/?p=277084"},"modified":"2021-05-19T12:09:58","modified_gmt":"2021-05-19T16:09:58","slug":"intec-gradua-primera-promocion-de-comunicacion-social-y-medios-digitales","status":"publish","type":"post","link":"https:\/\/diariodominicano.com\/?p=277084","title":{"rendered":"INTEC grad\u00faa primera promoci\u00f3n de Comunicaci\u00f3n Social y Medios Digitales"},"content":{"rendered":"\n<p>diariodominicano.com<\/p>\n\n\n\n<p><em>Como una forma de reconocer y estimular a sus graduandos y graduandas sobresalientes, la universidad otorg\u00f3 cinco becas completas para realizar estudios de postgrado a los m\u00e1s altos \u00edndices de cada \u00e1rea acad\u00e9mica&nbsp;<\/em><\/p>\n\n\n\n<p>Santo Domingo, R. D., 19 de mayo, 2021.- El Instituto Tecnol\u00f3gico de Santo Domingo (INTEC) entreg\u00f3 t\u00edtulos a 668 nuevos profesionales, entre ellos a los primeros egresados de la Licenciatura en Comunicaci\u00f3n Social y Medios Digitales, durante la sexag\u00e9simo segunda graduaci\u00f3n de la universidad, realizada de manera virtual.\u00a0<\/p>\n\n\n\n<p>El rector Julio S\u00e1nchez Mar\u00ed\u00f1ez, al dirigirse a los graduandos, resalt\u00f3 que la experiencia INTEC con su trabajo intenso, su formaci\u00f3n de base en ciencias y t\u00e9cnicas, el trabajo en equipo en estudios y proyectos, con orientaci\u00f3n a la creatividad y al aprendizaje continuo, unidos al esp\u00edritu curioso e imaginativo de su generaci\u00f3n, ser\u00e1n bases suficientes para que transiten con \u00e9xito los m\u00faltiples escenarios que recorrer\u00e1n en su devenir profesional y ciudadano.<\/p>\n\n\n\n<p>\u201cMi felicitaci\u00f3n entusiasta por este logro tan importante en sus vidas, un indispensable pelda\u00f1o sobre el cual podr\u00e1n apoyarse para avanzar, como de seguro lo har\u00e1n, en la consecuci\u00f3n de nuevas y sucesivas metas\u201d, augur\u00f3 S\u00e1nchez Mar\u00ed\u00f1ez.&nbsp;<\/p>\n\n\n\n<p>Durante la ceremonia, fueron investidos 364 mujeres y 304 hombres, de los cuales 478 graduandos (71.56 %) pertenecen al nivel de grado y 190 (28.29 %) a nivel de postgrado.&nbsp;<\/p>\n\n\n\n<p>Al pronunciar el discurso de orden, Rafael Piantini, gerente de Recursos Humanos del Parque Industrial de ITABO, destac\u00f3 que, egresados del INTEC ocupan un 30% del total de profesionales que labora en esa zona franca, convirti\u00e9ndola en el lugar de trabajo que re\u00fane a la mayor cantidad de egresados del INTEC.&nbsp;<\/p>\n\n\n\n<p>\u201cCada uno de ustedes es una empresa y deben de verse a s\u00ed mismos como tales, tengan clara su visi\u00f3n y misi\u00f3n y establezcan sus objetivos para alcanzar sus metas. El nombre de su empresa se llama su vida, por lo tanto, inviertan siempre en ustedes para ser mejores profesionales en sus \u00e1reas de conocimiento y mantenerse competitivos\u201d, expres\u00f3.&nbsp;<\/p>\n\n\n\n<p>Lois Gabriela Bournigal Infante, de la licenciatura en Administraci\u00f3n y Gesti\u00f3n de Negocios, graduanda con el mayor \u00edndice, pronunci\u00f3 el discurso de agradecimiento en nombre de los graduandos. En \u00e9l los llam\u00f3 a hacer una mirada hacia el interior.&nbsp;&nbsp;\u201cNuestro camino en INTEC ha sido un proceso de conocernos, de revisarnos constantemente, y esa relaci\u00f3n con nosotros mismos nos ha fortalecido\u201d, dijo, al tiempo de exhortar a los graduandos a mirar hacia dentro y buscar en ellos la fortaleza que necesitar\u00e1n para hacer frente a los retos de la vida.&nbsp;<\/p>\n\n\n\n<p>El juramento a los graduandos lo realiz\u00f3 Ashby Daniel S\u00e1nchez Paulino, egresado de la licenciatura en Matem\u00e1tica con Concentraci\u00f3n en Estad\u00edsticas y Ciencias Actuariales.&nbsp;&nbsp;<\/p>\n\n\n\n<p><strong>Becas de postgrado&nbsp;<\/strong><\/p>\n\n\n\n<p>Como una forma de reconocer y estimular a sus graduandos y graduandas sobresalientes de la promoci\u00f3n mayo 2021, el INTEC otorg\u00f3 cinco becas completas para realizar estudios de postgrado a los m\u00e1s altos \u00edndices de cada una de las \u00e1reas acad\u00e9micas de la universidad.&nbsp;<\/p>\n\n\n\n<p>La decisi\u00f3n de la Rector\u00eda de la universidad es v\u00e1lida para cubrir la totalidad de la inversi\u00f3n de inscripci\u00f3n y matr\u00edcula para cualquier programa de maestr\u00eda o especialidad que prefieran los beneficiados, dentro de la oferta acad\u00e9mica de la universidad.&nbsp;&nbsp;<\/p>\n\n\n\n<p><strong>Egresados en el mercado laboral&nbsp;&nbsp;<\/strong><\/p>\n\n\n\n<p>De acuerdo a los resultados de la Encuesta de Empleabilidad de Egresados 2021 realizada por la Direcci\u00f3n de Planificaci\u00f3n y Calidad y la Unidad de Relaciones con Egresados, a un a\u00f1o de graduarse, 96 de cada 100 egresados del INTEC se encuentra empleado y de esa cantidad, un 66% obtiene un empleo antes de graduarse.&nbsp;<\/p>\n\n\n\n<p>La encuesta, que se aplica de forma anual con el objetivo de&nbsp;conocer la trayectoria profesional&nbsp;y el&nbsp;posicionamiento en el mercado laboral&nbsp;que han tenido los&nbsp;egresados del INTEC, arroj\u00f3 que hasta un 92.85% labora en su \u00e1rea de estudio; 70% en el sector privado y 13.61% en el sector p\u00fablico.&nbsp;<\/p>\n\n\n\n<p><strong>Estad\u00edsticas&nbsp;&nbsp;<\/strong><\/p>\n\n\n\n<p>De los 668 egresados, 124 concluyeron sus programas acad\u00e9micos con honores, de ese total 46 Magna Cum Laude, 36 son Summa Cum Laude y 42 egresaron Cum Laude. Asimismo, 17 de ellos pertenecen al Programa INTEC con los Estudiantes Sobresalientes (PIES), una iniciativa pionera de la universidad que otorga becas de estudio para alumnos de excelencia. Del total de graduandos PIES, 13 recibieron t\u00edtulos con honores acad\u00e9micos; nueve Summa Cum Laude, dos Magna Cum Laude y dos Cum Laude.&nbsp;<\/p>\n\n\n\n<p>Del total de graduandos, 38.92 % al \u00c1rea de Ingenier\u00edas; 26.95 % pertenecen al \u00c1rea de Econom\u00eda y Negocios; 18.26 % al \u00c1rea de Ciencias de la Salud; 8.68 % al \u00c1rea de Ciencias Sociales y Humanidades, y 7.19 % al \u00c1rea de Ciencias B\u00e1sicas y Ambientales. De igual manera, un 54.49 % son mujeres y el 45.51 % hombres.&nbsp;&nbsp;<\/p>\n\n\n\n<p><\/p>\n\n\n\n<figure class=\"wp-block-table\"><table><tbody><tr><td> Fuente: <strong>Prensa INTEC<\/strong><\/td><\/tr><\/tbody><\/table><\/figure>\n\n\n\n<p><strong>Direcci\u00f3n de Comunicaci\u00f3n Institucional<\/strong><\/p>\n\n\n\n<p>Instituto Tecnol\u00f3gico de Santo Domingo,\u00a0\u00a0INTEC<\/p>\n","protected":false},"excerpt":{"rendered":"<p>diariodominicano.com Como una forma de reconocer y estimular a sus graduandos y graduandas sobresalientes, la universidad otorg\u00f3 cinco becas completas para realizar estudios de postgrado a los m\u00e1s altos \u00edndices de cada \u00e1rea acad\u00e9mica&nbsp; Santo Domingo, R. D., 19 de mayo, 2021.- El Instituto Tecnol\u00f3gico de Santo Domingo (INTEC) entreg\u00f3 t\u00edtulos a 668 nuevos profesionales, [&hellip;]<\/p>\n","protected":false},"author":5,"featured_media":277085,"comment_status":"closed","ping_status":"","sticky":true,"template":"","format":"standard","meta":{"footnotes":""},"categories":[21,27],"tags":[],"class_list":["post-277084","post","type-post","status-publish","format-standard","has-post-thumbnail","hentry","category-cultura","category-portada"],"_links":{"self":[{"href":"https:\/\/diariodominicano.com\/index.php?rest_route=\/wp\/v2\/posts\/277084","targetHints":{"allow":["GET"]}}],"collection":[{"href":"https:\/\/diariodominicano.com\/index.php?rest_route=\/wp\/v2\/posts"}],"about":[{"href":"https:\/\/diariodominicano.com\/index.php?rest_route=\/wp\/v2\/types\/post"}],"author":[{"embeddable":true,"href":"https:\/\/diariodominicano.com\/index.php?rest_route=\/wp\/v2\/users\/5"}],"replies":[{"embeddable":true,"href":"https:\/\/diariodominicano.com\/index.php?rest_route=%2Fwp%2Fv2%2Fcomments&post=277084"}],"version-history":[{"count":1,"href":"https:\/\/diariodominicano.com\/index.php?rest_route=\/wp\/v2\/posts\/277084\/revisions"}],"predecessor-version":[{"id":277086,"href":"https:\/\/diariodominicano.com\/index.php?rest_route=\/wp\/v2\/posts\/277084\/revisions\/277086"}],"wp:featuredmedia":[{"embeddable":true,"href":"https:\/\/diariodominicano.com\/index.php?rest_route=\/wp\/v2\/media\/277085"}],"wp:attachment":[{"href":"https:\/\/diariodominicano.com\/index.php?rest_route=%2Fwp%2Fv2%2Fmedia&parent=277084"}],"wp:term":[{"taxonomy":"category","embeddable":true,"href":"https:\/\/diariodominicano.com\/index.php?rest_route=%2Fwp%2Fv2%2Fcategories&post=277084"},{"taxonomy":"post_tag","embeddable":true,"href":"https:\/\/diariodominicano.com\/index.php?rest_route=%2Fwp%2Fv2%2Ftags&post=277084"}],"curies":[{"name":"wp","href":"https:\/\/api.w.org\/{rel}","templated":true}]}}